{"id":2858,"date":"2012-10-12T08:11:44","date_gmt":"2012-10-12T07:11:44","guid":{"rendered":"http:\/\/www.amicale-aeap.fr\/word\/?p=2858"},"modified":"2012-10-12T08:11:44","modified_gmt":"2012-10-12T07:11:44","slug":"le-festival-des-enfants-du-13ieme-arras-film-festival-2012","status":"publish","type":"post","link":"https:\/\/www.amicale-aeap.fr\/word\/2012\/10\/12\/le-festival-des-enfants-du-13ieme-arras-film-festival-2012\/","title":{"rendered":"Le Festival des enfants du 13i\u00e8me Arras Film Festival 2012"},"content":{"rendered":"<p>Le <strong>Arras Film Festival<\/strong> organis\u00e9 <strong> <\/strong> par l&rsquo;association arrageoise <strong>Plan S\u00e9quence <\/strong>pour sa <strong>13 i\u00e8me \u00e9ditio<\/strong>n du 9 au 18 novembre 2012 recevra comme <strong>invit\u00e9s d&rsquo;honneur<\/strong> :<\/p>\n<ul>\n<li>le r\u00e9alisateur<strong> COSTA GAVRAS <\/strong>(Z &#8211; l&rsquo;Aveu &#8211; Missing &#8211; la main droite du diable &#8211; Mad City)<\/li>\n<\/ul>\n<ul>\n<li>l&rsquo;actrice et r\u00e9alisatrice <strong>HIAM ABBASS <\/strong>(Satin rouge &#8211; les Citronniers &#8211; Miral &#8211; la Source des femmes)<\/li>\n<li>le r\u00e9alisateur<strong> LAURENT CANTET<\/strong> (Ressources humaines &#8211; l&rsquo;Emploi du temps &#8211; Vers le sud &#8211; Entre les murs<\/li>\n<\/ul>\n<p>Son festival des enfants est compos\u00e9 de : <strong> <\/strong><\/p>\n<ul>\n<li><strong>5 Avant-premi\u00e8res<\/strong><\/li>\n<li><strong>1 Cin\u00e9-Musique<\/strong><\/li>\n<li><strong>1 Aventures dans l&rsquo;Espace<\/strong><\/li>\n<li><strong>1 Documentaire<\/strong><\/li>\n<li><strong>1 Cin\u00e9-Go\u00fbter<\/strong><\/li>\n<\/ul>\n<p>Toutes les s\u00e9ances se d\u00e9roulent \u00e0 Arras<\/p>\n<ul>\n<li>au Cin\u00e9movida<\/li>\n<li>au Casino<\/li>\n<\/ul>\n<p>Pour tous les ages, pour tous les gouts,\u00a0 pour un prix tout petit :<\/p>\n<ul>\n<li>6\u20ac pour les grands (+18 ans)<\/li>\n<li>5\u20ac pour les enfants<\/li>\n<\/ul>\n<p>&nbsp;<\/p>\n<p><strong>Cin\u00e9-Gouter<\/strong><\/p>\n<p><img decoding=\"async\" src=\"http:\/\/www.splendor-films.com\/images\/stories\/flexicontent\/m_aff_escapade.gif\" alt=\"\" \/>mercredi 14 novembre \u00e0 14H <strong>LA FOLLE ESCAPADE<\/strong> (Royaume Uni)<\/p>\n<p>Dans les pr\u00e8s paisibles du fond de l\u2019Angleterre, vit une communaut\u00e9 de  lapins, jusqu\u2019au jour o\u00f9 un terrible incendie menace leur terrier. Un  petit groupe d\u00e9cide alors de s\u2019\u00e9vader, traversant la campagne, \u00e0 la  recherche d\u2019une nouvelle garenne. Gr\u00e2ce \u00e0 leur courage, ils vont  surmonter les obstacles, \u00e0 la poursuite de leur r\u00eave\u2026<\/p>\n<p>&nbsp;<\/p>\n<p><strong>Avant-premi\u00e8res<\/strong><\/p>\n<p><img decoding=\"async\" src=\"http:\/\/images.allocine.fr\/r_160_240\/b_1_d6d6d6\/medias\/nmedia\/18\/93\/29\/94\/20248999.jpg\" alt=\"Niko le petit Renne 2\" \/>samedi 10 novembre \u00e0 16H30<strong> NIKO LE PETIT RENNE 2<\/strong> (Finlande) \u00e0 partir de 4 ans<strong> <\/strong><\/p>\n<p>Tandis que son p\u00e8re est toujours absent \u00e0 sillonner le ciel dans la  brigade du P\u00e8re No\u00ebl, Niko le petit renne voudrait que ses parents se  retrouvent et qu\u2019ils forment enfin une vraie famille. Mais sa m\u00e8re a une  surprise pour Niko : elle a rencontr\u00e9 quelqu\u2019un, Lenni, un renne qui a  un fils nomm\u00e9 Johnny. Le r\u00eave de Niko est alors bris\u00e9. Dans cette  famille recompos\u00e9e Niko doit s\u2019occuper de Johnny, son nouveau petit  fr\u00e8re. Mais un jour celui-ci est kidnapp\u00e9 par le loup blanc et sa horde  de vautours ! Accompagn\u00e9 de son fid\u00e8le ami Julius l\u2019\u00e9cureuil volant,  Niko d\u00e9marre alors une grande aventure \u00e0 la recherche de Johnny, avec \u00e0  la clef, l\u2019acceptation d\u2019une nouvelle famille\u2026.<\/p>\n<p>&nbsp;<\/p>\n<p><img decoding=\"async\" src=\"http:\/\/images.allocine.fr\/r_160_240\/b_1_d6d6d6\/medias\/nmedia\/18\/90\/32\/01\/20271941.jpg\" alt=\"Les Mondes de Ralph\" \/>dimanche 11 novembre \u00e0 14H00<strong> LES MONDES DE RALPH <\/strong>(USA Walt Disney) \u00e0 partir de 7 ans<\/p>\n<p>Dans une salle d\u2019arcade, Ralph la casse est le h\u00e9ros mal aim\u00e9 d\u2019un jeu  des ann\u00e9es 80. Son r\u00f4le est simple : il casse tout ! Pourtant il ne r\u00eave  que d\u2019une chose, \u00eatre aim\u00e9 de tous\u2026<br \/>\nVanellope Van Schweetz quant \u00e0  elle, \u00e9volue dans un jeu de course , fabriqu\u00e9 uniquement de sucreries.  Son gros d\u00e9faut : \u00eatre une erreur de programme, ce qui lui vaut d\u2019\u00eatre  interdite de course et rejet\u00e9e de tous\u2026<br \/>\nCes deux personnages  n\u2019auraient jamais d\u00fb se croiser\u2026et pourtant, Ralph va bousculer les  r\u00e8gles et voyager \u00e0 travers les diff\u00e9rents mondes de la salle d\u2019arcade  pour atteindre son but : prouver \u00e0 tous qu\u2019il peut devenir un  h\u00e9ros\u2026Ensemble, arriveront-ils \u00e0 atteindre leurs r\u00eaves ?<\/p>\n<p>&nbsp;<\/p>\n<p><img decoding=\"async\" src=\"http:\/\/images.allocine.fr\/r_160_240\/b_1_d6d6d6\/medias\/nmedia\/18\/86\/40\/49\/19838986.jpg\" alt=\"Chimpanz\u00e9s\" \/>dimanche17 novembre \u00e0 16H30 <strong>CHIMPANZES <\/strong>(USA Buena Vista) \u00e0 partir de 6 ans<\/p>\n<p>A travers Oscar, un petit chimpanz\u00e9, nous d\u00e9couvrons l\u2019apprentissage de  la vie au c\u0153ur de la for\u00eat tropicale africaine et suivons avec humour,  \u00e9motion et angoisse ses premiers pas dans ce monde. Suite \u00e0 un drame, il  va se retrouver s\u00e9par\u00e9 de sa m\u00e8re et laiss\u00e9 seul face \u00e0 l&rsquo;hostilit\u00e9 de  la jungle. Jusqu&rsquo;\u00e0 ce qu&rsquo;il soit r\u00e9cup\u00e9r\u00e9 par un chimpanz\u00e9 plus \u00e2g\u00e9, qui  va le prendre sous sa protection&#8230;<\/p>\n<p>&nbsp;<\/p>\n<p><img decoding=\"async\" src=\"http:\/\/images.allocine.fr\/r_160_240\/b_1_d6d6d6\/medias\/nmedia\/18\/90\/61\/87\/20257881.jpg\" alt=\"Jean de la Lune\" \/>dimanche18 novembre \u00e0 11H00 <strong>JEAN DE LA LUNE <\/strong>(Allemagne) \u00e0 partir de 6 ans<\/p>\n<p>Jean de la Lune s\u2019ennuie tout seul sur la Lune. Il d\u00e9cide de visiter la Terre.<br \/>\nUn jour, il s\u2019accroche \u00e0 la queue d\u2019une com\u00e8te et atterrit chez nous.<br \/>\nLe Pr\u00e9sident du Monde, persuad\u00e9 qu\u2019il s\u2019agit d\u2019un envahisseur, le pourchasse.<br \/>\nPour lui \u00e9chapper, Jean de la Lune va devoir compter sur les enfants et ses amis\u2026<\/p>\n<p>&nbsp;<\/p>\n<p><img decoding=\"async\" src=\"http:\/\/fr.web.img1.acsta.net\/r_160_240\/b_1_d6d6d6\/medias\/nmedia\/18\/90\/28\/33\/20118226.jpg\" alt=\"Ernest et C\u00e9lestine\" \/>dimanche 18 novembre \u00e0 14h30 (France\/Belgique) \u00e0 partir de 6 ans en pr\u00e9sence des r\u00e9alisateurs<\/p>\n<p>Dans le monde conventionnel des ours, il est mal vu de se lier d\u2019amiti\u00e9  avec une souris. Et pourtant, Ernest, gros ours marginal, clown et  musicien, va accueillir chez lui la petite C\u00e9lestine, une orpheline qui a  fui le monde souterrain des rongeurs. Ces deux solitaires vont se  soutenir et se r\u00e9conforter, et bousculer ainsi l\u2019ordre \u00e9tabli<\/p>\n<p>&nbsp;<\/p>\n<p><strong>Cin\u00e9-Musique<\/strong><\/p>\n<p><strong><br \/>\n<\/strong><\/p>\n<p><img decoding=\"async\" src=\"http:\/\/static.folimage.fr\/image\/vignette2\/packshot-dvd-petit-paolo.png\" alt=\"L'Histoire du Petit Paolo (Livret + DVD)\" \/>dimanche 11 novembre \u00e0 11H <strong>L&rsquo;HISTOIRE DU PETIT PAOLO &#8211; programme musical compos\u00e9 de quatre courts-m\u00e9trages <\/strong>(Belgique-France) \u00e0 partir de 3 ans en pr\u00e9sence du r\u00e9alisateur<\/p>\n<p>En 1863, Cyril entreprend un p\u00e9lerinage en Italie. Il voyage avec une myst\u00e9rieuse bo\u00eete \u00e0 musique sur le dos.<br \/>\nIl rencontre le petit Paolo, qui r\u00eave d&rsquo;avoir le m\u00eame instrument de musique que lui&#8230;<\/p>\n<p>&nbsp;<\/p>\n<p><strong>Aventures dans l&rsquo;espace<\/strong><\/p>\n<p>&nbsp;<\/p>\n<p><img decoding=\"async\" src=\"http:\/\/images.allocine.fr\/r_160_240\/b_1_d6d6d6\/medias\/nmedia\/18\/66\/46\/55\/18982068.jpg\" alt=\"Fly Me to the Moon\" \/>samedi 10 novembre \u00e0 14H <strong>FLY ME TO THE MOON <\/strong>(Belgique) \u00e0 partir de 3 ans<\/p>\n<p>Nous sommes en 1969 et, comme tout le monde, Nat et ses amis IQ et  Scooter sont excit\u00e9s par la premi\u00e8re exp\u00e9dition lunaire avec des humains  \u00e0 bord. Inspir\u00e9 par l&rsquo;histoire que son grand-p\u00e8re lui a racont\u00e9 au  sujet de sa propre escapade \u00e0 bord de l&rsquo;avion d&rsquo;Amelia Earhart lors de  sa travers\u00e9e transatlantique en solo, Nat devise un plan secret pour lui  permettre, avec ses deux copains mouches, de monter clandestinement  dans la navette spatiale. La plus grande difficult\u00e9 sera d&#8217;emp\u00eacher sa  m\u00e8re, Madame McFly, de d\u00e9couvrir le plan! Lorsqu&rsquo;un officier de la NASA  aper\u00e7oit les passagers clandestins ail\u00e9s entrer dans la navette, il  appelle les astronautes et leur dit de mettre les mouches dans des  \u00e9prouvettes pour leurs activit\u00e9s de recherches ult\u00e9rieures. Mais \u00e0 la  suite d&rsquo;une panne \u00e9lectrique qui pose des probl\u00e8mes au moment du d\u00e9part,  les trois mouches intr\u00e9pides s&rsquo;\u00e9chappent de leurs \u00e9prouvettes \u00e0 temps  pour r\u00e9parer l&rsquo;installation \u00e9lectrique. Apres un atterrissage lunaire  avec quelques difficult\u00e9s, Nat accompagne Neil Armstrong dans sa  promenade l\u00e9gendaire sur la lune. Bien que la mission doive faire face \u00e0  quelques \u00e9preuves, elle est une vraie r\u00e9ussite. Au moins jusqu&rsquo;\u00e0 ce que  Nadia, l&rsquo;ancienne petite amie du grand-p\u00e8re, arrive de la Russie pour  avertir que son gouvernement, f\u00e2ch\u00e9 parce qu&rsquo;il n&rsquo;a pas \u00e9t\u00e9 le premier  pays a atteindre la lune, a d\u00e9cid\u00e9 d&rsquo;envoyer une mouche espionne, Yegor,  \u00e0 Cape Canaveral dans une mission de sabotage. Avec Apollo en descente  rapide vers la plan\u00e8te Terre, la famille de Nat devra sauver la mission  et le brave trio de mouches du d\u00e9sastre.<\/p>\n<p>&nbsp;<\/p>\n<p><strong>Documentaire<\/strong><\/p>\n<p><img loading=\"lazy\" decoding=\"async\" src=\"http:\/\/berliner-filmfestivals.de\/wp-content\/uploads\/vierzehn_klein.jpg\" alt=\"Entwicklung hinein in die Mutterrolle\" width=\"500\" height=\"275\" \/>mardi 13 novembre \u00e0 9H30 <strong>VIERZEHN <\/strong>(Allemagne) \u00e0 partir de 15 ans<\/p>\n<p><strong>Die M\u00e4dchen-M\u00fctter<\/strong><\/p>\n<p>Fabienne, 14, hat die Pille nicht genommen, weil ihre \u00c4rztin gesagt  hat, das sei schlecht in Kombination mit dem Rauchen. Lisa, 14, dachte  sich, bei einem Mal passiert schon nichts. Jetzt sind beide schwanger.  Genauso wie Steffi und Laura, ebenfalls 14 Jahre alt und v\u00f6llig  \u00fcberfordert von dem j\u00e4hen Ende ihrer Kindheit und dem wachsenden  Bewusstsein, dass sie Mutter werden. \u201cIch habe manchmal geglaubt, dass  ich alles nur tr\u00e4ume\u201d, sagt Fabienne. \u201cIch habe meine Mutter immer  wieder gefragt: Mama, bin ich jetzt wirklich schwanger?\u201d<\/p>\n<p>&nbsp;<\/p>\n<p>&nbsp;<\/p>\n<p>&nbsp;<\/p>\n","protected":false},"excerpt":{"rendered":"<p>Le Arras Film Festival organis\u00e9 par l&rsquo;association arrageoise Plan S\u00e9quence pour sa 13 i\u00e8me \u00e9dition du 9 au 18 novembre 2012 recevra comme invit\u00e9s d&rsquo;honneur : le r\u00e9alisateur COSTA GAVRAS (Z &#8211; l&rsquo;Aveu &#8211; Missing &#8211; la main droite du diable &#8211; Mad City) l&rsquo;actrice et r\u00e9alisatrice HIAM ABBASS (Satin [&hellip;]<\/p>\n","protected":false},"author":156,"featured_media":0,"comment_status":"open","ping_status":"closed","sticky":false,"template":"","format":"standard","meta":{"footnotes":""},"categories":[28],"tags":[43,41,33,44],"class_list":["post-2858","post","type-post","status-publish","format-standard","hentry","category-bons-plans","tag-arras","tag-cinema","tag-enfant","tag-festival"],"_links":{"self":[{"href":"https:\/\/www.amicale-aeap.fr\/word\/wp-json\/wp\/v2\/posts\/2858","targetHints":{"allow":["GET"]}}],"collection":[{"href":"https:\/\/www.amicale-aeap.fr\/word\/wp-json\/wp\/v2\/posts"}],"about":[{"href":"https:\/\/www.amicale-aeap.fr\/word\/wp-json\/wp\/v2\/types\/post"}],"author":[{"embeddable":true,"href":"https:\/\/www.amicale-aeap.fr\/word\/wp-json\/wp\/v2\/users\/156"}],"replies":[{"embeddable":true,"href":"https:\/\/www.amicale-aeap.fr\/word\/wp-json\/wp\/v2\/comments?post=2858"}],"version-history":[{"count":4,"href":"https:\/\/www.amicale-aeap.fr\/word\/wp-json\/wp\/v2\/posts\/2858\/revisions"}],"predecessor-version":[{"id":2867,"href":"https:\/\/www.amicale-aeap.fr\/word\/wp-json\/wp\/v2\/posts\/2858\/revisions\/2867"}],"wp:attachment":[{"href":"https:\/\/www.amicale-aeap.fr\/word\/wp-json\/wp\/v2\/media?parent=2858"}],"wp:term":[{"taxonomy":"category","embeddable":true,"href":"https:\/\/www.amicale-aeap.fr\/word\/wp-json\/wp\/v2\/categories?post=2858"},{"taxonomy":"post_tag","embeddable":true,"href":"https:\/\/www.amicale-aeap.fr\/word\/wp-json\/wp\/v2\/tags?post=2858"}],"curies":[{"name":"wp","href":"https:\/\/api.w.org\/{rel}","templated":true}]}}