{"id":2709,"date":"2012-10-03T17:28:42","date_gmt":"2012-10-03T16:28:42","guid":{"rendered":"http:\/\/www.amicale-aeap.fr\/word\/?p=2709"},"modified":"2012-10-09T15:01:46","modified_gmt":"2012-10-09T14:01:46","slug":"photos-des-courses-des-terrils","status":"publish","type":"post","link":"https:\/\/www.amicale-aeap.fr\/word\/2012\/10\/03\/photos-des-courses-des-terrils\/","title":{"rendered":"Photos des courses des terrils"},"content":{"rendered":"<p><img loading=\"lazy\" decoding=\"async\" src=\"http:\/\/www.amicale-aeap.fr\/word\/wp-content\/gallery\/course-des-terrils\/dscn2658.jpg\" alt=\"Course des terrils 2012\" width=\"1440\" height=\"1080\" \/>Nous \u00e9tions une vingtaine d&rsquo;amicalistes \u00e0 marcher ou courir dimanche dernier, sous un beau soleil, \u00e0 l&rsquo;occasion de la 29\u00e8me \u00e9dition des courses des terrils. Au programme : rando ou course \u00e0 pieds dans le bassin minier, au d\u00e9part du ch\u00e2teau de Raismes.<\/p>\n<p>Merci et bravo \u00e0 tous les participants, et tout particuli\u00e8rement \u00e0  David qui a termin\u00e9 sur le podium du 8 km (sur 1 128 participants !)<\/p>\n<p>Gr\u00e2ce \u00e0 nos photographes (merci \u00e0 eux !), retrouvez quelques images de cette belle\u00a0journ\u00e9e.<\/p>\n<p><!--more--><\/p>\n<p>[nggallery id=21]<\/p>\n","protected":false},"excerpt":{"rendered":"<p>Nous \u00e9tions une vingtaine d&rsquo;amicalistes \u00e0 marcher ou courir dimanche dernier, sous un beau soleil, \u00e0 l&rsquo;occasion de la 29\u00e8me \u00e9dition des courses des terrils. Au programme : rando ou course \u00e0 pieds dans le bassin minier, au d\u00e9part du ch\u00e2teau de Raismes. Merci et bravo \u00e0 tous les participants, [&hellip;]<\/p>\n","protected":false},"author":156,"featured_media":0,"comment_status":"open","ping_status":"closed","sticky":false,"template":"","format":"standard","meta":{"footnotes":""},"categories":[8],"tags":[],"class_list":["post-2709","post","type-post","status-publish","format-standard","hentry","category-perso"],"_links":{"self":[{"href":"https:\/\/www.amicale-aeap.fr\/word\/wp-json\/wp\/v2\/posts\/2709","targetHints":{"allow":["GET"]}}],"collection":[{"href":"https:\/\/www.amicale-aeap.fr\/word\/wp-json\/wp\/v2\/posts"}],"about":[{"href":"https:\/\/www.amicale-aeap.fr\/word\/wp-json\/wp\/v2\/types\/post"}],"author":[{"embeddable":true,"href":"https:\/\/www.amicale-aeap.fr\/word\/wp-json\/wp\/v2\/users\/156"}],"replies":[{"embeddable":true,"href":"https:\/\/www.amicale-aeap.fr\/word\/wp-json\/wp\/v2\/comments?post=2709"}],"version-history":[{"count":27,"href":"https:\/\/www.amicale-aeap.fr\/word\/wp-json\/wp\/v2\/posts\/2709\/revisions"}],"predecessor-version":[{"id":2815,"href":"https:\/\/www.amicale-aeap.fr\/word\/wp-json\/wp\/v2\/posts\/2709\/revisions\/2815"}],"wp:attachment":[{"href":"https:\/\/www.amicale-aeap.fr\/word\/wp-json\/wp\/v2\/media?parent=2709"}],"wp:term":[{"taxonomy":"category","embeddable":true,"href":"https:\/\/www.amicale-aeap.fr\/word\/wp-json\/wp\/v2\/categories?post=2709"},{"taxonomy":"post_tag","embeddable":true,"href":"https:\/\/www.amicale-aeap.fr\/word\/wp-json\/wp\/v2\/tags?post=2709"}],"curies":[{"name":"wp","href":"https:\/\/api.w.org\/{rel}","templated":true}]}}