{"id":2549,"date":"2012-07-27T13:22:21","date_gmt":"2012-07-27T12:22:21","guid":{"rendered":"http:\/\/www.amicale-aeap.fr\/word\/?p=2549"},"modified":"2012-09-03T07:57:59","modified_gmt":"2012-09-03T06:57:59","slug":"en-septembre-courez-ou-marchez-avec-lamicale","status":"publish","type":"post","link":"https:\/\/www.amicale-aeap.fr\/word\/2012\/07\/27\/en-septembre-courez-ou-marchez-avec-lamicale\/","title":{"rendered":"En septembre, courez ou marchez avec l&rsquo;Amicale !"},"content":{"rendered":"<p><a rel=\"attachment wp-att-2568\" href=\"http:\/\/www.amicale-aeap.fr\/word\/?attachment_id=2568\"><\/a><a rel=\"attachment wp-att-2571\" href=\"http:\/\/www.amicale-aeap.fr\/word\/2012\/en-septembre-courez-ou-marchez-avec-lamicale\/course\/\"><img loading=\"lazy\" decoding=\"async\" class=\"alignleft size-medium wp-image-2571\" title=\"course\" src=\"http:\/\/www.amicale-aeap.fr\/word\/wp-content\/uploads\/2012\/07\/course-300x233.jpg\" alt=\"\" width=\"300\" height=\"233\" srcset=\"https:\/\/www.amicale-aeap.fr\/word\/wp-content\/uploads\/2012\/07\/course-300x233.jpg 300w, https:\/\/www.amicale-aeap.fr\/word\/wp-content\/uploads\/2012\/07\/course.jpg 600w\" sizes=\"auto, (max-width: 300px) 100vw, 300px\" \/><\/a>Apr\u00e8s le succ\u00e8s de la derni\u00e8re \u00e9dition des Boucles de Gayant\u00a0pour laquelle vous avez \u00e9t\u00e9 nombreux \u00e0 r\u00e9pondre pr\u00e9sent, l&rsquo;Amicale propose deux nouveaux rendez-vous aux sportifs de l&rsquo;Agence, coureurs ou marcheurs\u00a0:<\/p>\n<p><span style=\"text-decoration: underline;\"><strong>La course de la braderie de Lille, le samedi 1er septembre 2012<\/strong><\/span><\/p>\n<p><strong>Deux distances<\/strong> vous sont propos\u00e9es, en marge de\u00a0l&rsquo;ouverture de la Grande Braderie\u00a0: 10 km ou semi marathon.<br \/>\nPour vous inscrire, t\u00e9l\u00e9chargez et compl\u00e9tez le \ufeff\ufeff\ufeff\ufeff<a rel=\"attachment wp-att-2565\" href=\"http:\/\/www.amicale-aeap.fr\/word\/2012\/en-septembre-courez-ou-marchez-avec-lamicale\/bulletin-dinscription-course-braderie-de-lille-2\/\">bulletin d&rsquo;inscription<\/a>\u00a0\ufeff\ufeff(inscriptions ouvertes jusqu&rsquo;au 21 ao\u00fbt).<br \/>\nPour plus d&rsquo;informations, contactez Karine Vall\u00e9e ou Florent Guibert.<\/p>\n<p><span style=\"text-decoration: underline;\"><strong>La course des terrils, le dimanche 30 septembre 2012<\/strong><\/span><\/p>\n<p><strong>Une randonn\u00e9e <\/strong>de 10 km (2 terrils) ainsi que <strong>deux courses <\/strong>de 8 km (2 terrils) et 14 km (3 terrils) vous sont propos\u00e9es, au d\u00e9part de Raismes.<br \/>\nRetrouvez la pr\u00e9sentation compl\u00e8te de ces courses au coeur du bassin minier\u00a0sur le\u00a0<a rel=\"attachment wp-att-2585\" href=\"http:\/\/www.amicale-aeap.fr\/word\/2012\/en-septembre-courez-ou-marchez-avec-lamicale\/bulletin-dinscription-course-des-terrils-2012\/\">bulletin d&rsquo;inscription<\/a>\u00a0(inscriptions ouvertes jusqu&rsquo;au 7 septembte).<br \/>\nRenseignements et pr\u00e9cisions aupr\u00e8s de Delphine Pass\u00e9 ou Florent Guibert.<\/p>\n<p>Pour ces diff\u00e9rentes courses ou rando, l&rsquo;Amicale prend en charge la participation financi\u00e8re pour les amicalistes et leurs ayant-droits. Si vous \u00eates int\u00e9ress\u00e9, remettez le (ou les) bulletin(s) d&rsquo;inscription \u00e0 Florent Guibert avant les dates limites (21 ao\u00fbt pour la course de la braderie et 7 septembre a\u00f4ut pour la course des terrils) accompagn\u00e9s d&rsquo;un certificat m\u00e9dical de non contre-indication \u00e0 la pratique de la course \u00e0 pieds en comp\u00e9tition.<\/p>\n<p><strong>N.B : <\/strong><span style=\"text-decoration: underline;\">le certificat m\u00e9dical n&rsquo;est pas n\u00e9cessaire pour la randonn\u00e9e des terrils<\/span>.<\/p>\n<p>Venez nombreux !<\/p>\n<p>Pi\u00e8ces jointes :<br \/>\n<a rel=\"attachment wp-att-2565\" href=\"http:\/\/www.amicale-aeap.fr\/word\/2012\/en-septembre-courez-ou-marchez-avec-lamicale\/bulletin-dinscription-course-braderie-de-lille-2\/\">Bulletin d&rsquo;inscription course braderie de Lille<\/a><br \/>\n<a rel=\"attachment wp-att-2585\" href=\"http:\/\/www.amicale-aeap.fr\/word\/2012\/en-septembre-courez-ou-marchez-avec-lamicale\/bulletin-dinscription-course-des-terrils-2012\/\">Bulletin d&rsquo;inscription course des terrils<\/a><\/p>\n","protected":false},"excerpt":{"rendered":"<p>Apr\u00e8s le succ\u00e8s de la derni\u00e8re \u00e9dition des Boucles de Gayant\u00a0pour laquelle vous avez \u00e9t\u00e9 nombreux \u00e0 r\u00e9pondre pr\u00e9sent, l&rsquo;Amicale propose deux nouveaux rendez-vous aux sportifs de l&rsquo;Agence, coureurs ou marcheurs\u00a0: La course de la braderie de Lille, le samedi 1er septembre 2012 Deux distances vous sont propos\u00e9es, en marge [&hellip;]<\/p>\n","protected":false},"author":156,"featured_media":0,"comment_status":"open","ping_status":"closed","sticky":false,"template":"","format":"standard","meta":{"footnotes":""},"categories":[1],"tags":[],"class_list":["post-2549","post","type-post","status-publish","format-standard","hentry","category-actus"],"_links":{"self":[{"href":"https:\/\/www.amicale-aeap.fr\/word\/wp-json\/wp\/v2\/posts\/2549","targetHints":{"allow":["GET"]}}],"collection":[{"href":"https:\/\/www.amicale-aeap.fr\/word\/wp-json\/wp\/v2\/posts"}],"about":[{"href":"https:\/\/www.amicale-aeap.fr\/word\/wp-json\/wp\/v2\/types\/post"}],"author":[{"embeddable":true,"href":"https:\/\/www.amicale-aeap.fr\/word\/wp-json\/wp\/v2\/users\/156"}],"replies":[{"embeddable":true,"href":"https:\/\/www.amicale-aeap.fr\/word\/wp-json\/wp\/v2\/comments?post=2549"}],"version-history":[{"count":58,"href":"https:\/\/www.amicale-aeap.fr\/word\/wp-json\/wp\/v2\/posts\/2549\/revisions"}],"predecessor-version":[{"id":2633,"href":"https:\/\/www.amicale-aeap.fr\/word\/wp-json\/wp\/v2\/posts\/2549\/revisions\/2633"}],"wp:attachment":[{"href":"https:\/\/www.amicale-aeap.fr\/word\/wp-json\/wp\/v2\/media?parent=2549"}],"wp:term":[{"taxonomy":"category","embeddable":true,"href":"https:\/\/www.amicale-aeap.fr\/word\/wp-json\/wp\/v2\/categories?post=2549"},{"taxonomy":"post_tag","embeddable":true,"href":"https:\/\/www.amicale-aeap.fr\/word\/wp-json\/wp\/v2\/tags?post=2549"}],"curies":[{"name":"wp","href":"https:\/\/api.w.org\/{rel}","templated":true}]}}