{"id":2387,"date":"2012-06-21T10:43:10","date_gmt":"2012-06-21T09:43:10","guid":{"rendered":"http:\/\/www.amicale-aeap.fr\/word\/?p=2387"},"modified":"2012-06-21T13:34:06","modified_gmt":"2012-06-21T12:34:06","slug":"prague-a-noel-du-6-au-9-decembre-2012","status":"publish","type":"post","link":"https:\/\/www.amicale-aeap.fr\/word\/2012\/06\/21\/prague-a-noel-du-6-au-9-decembre-2012\/","title":{"rendered":"PRAGUE A NO\u00cbL DU 6 AU 9 DECEMBRE 2012"},"content":{"rendered":"<p style=\"text-align: center;\"><strong>L&rsquo;amicale vous propose un week-end \u00e0 PRAGUE (R\u00e9publique Tch\u00e8que) <\/strong><\/p>\n<p style=\"text-align: center;\"><strong>du jeudi 6 d\u00e9cembre au dimanche 9 d\u00e9cembre 2012.<\/strong><\/p>\n<p style=\"text-align: left;\">D\u00e9part de l&rsquo;agence en bus pour l&rsquo;a\u00e9roport de Roissy le jeudi \u00e0 4h00 et retour le dimanche vers 00h30.<\/p>\n<p style=\"text-align: left;\">Vous serez log\u00e9s dans un h\u00f4tel *** situ\u00e9 dans le coeur historique de Prague \u00e0 10 mn de la place Wenceslas.<\/p>\n<p style=\"text-align: left;\">Le s\u00e9jour comprend l&rsquo;h\u00e9bergement avec petits-d\u00e9jeuners, le d\u00e9jeuner du jour 1, un diner folklorique le dernier soir, une visite panoramique de 2 heures d\u00e9s votre arriv\u00e9e et le pass transport.<\/p>\n<p style=\"text-align: left;\">Vous trouverez en pi\u00e8ce jointe le bulletin d&rsquo;inscription \u00e0 retourner \u00e0 Chantal le jeudi 5 juillet 2012.<\/p>\n<p style=\"text-align: center;\"><a href=\"http:\/\/www.amicale-aeap.fr\/word\/wp-content\/uploads\/2012\/06\/bul_inscrip_PRAGUE.ppt\">Bulletin d&rsquo;inscription pour Praque \u00e0 t\u00e9l\u00e9charger<\/a><\/p>\n","protected":false},"excerpt":{"rendered":"<p>L&rsquo;amicale vous propose un week-end \u00e0 PRAGUE (R\u00e9publique Tch\u00e8que) du jeudi 6 d\u00e9cembre au dimanche 9 d\u00e9cembre 2012. D\u00e9part de l&rsquo;agence en bus pour l&rsquo;a\u00e9roport de Roissy le jeudi \u00e0 4h00 et retour le dimanche vers 00h30. Vous serez log\u00e9s dans un h\u00f4tel *** situ\u00e9 dans le coeur historique de [&hellip;]<\/p>\n","protected":false},"author":156,"featured_media":0,"comment_status":"open","ping_status":"closed","sticky":false,"template":"","format":"standard","meta":{"footnotes":""},"categories":[1,4],"tags":[],"class_list":["post-2387","post","type-post","status-publish","format-standard","hentry","category-actus","category-sorties"],"_links":{"self":[{"href":"https:\/\/www.amicale-aeap.fr\/word\/wp-json\/wp\/v2\/posts\/2387","targetHints":{"allow":["GET"]}}],"collection":[{"href":"https:\/\/www.amicale-aeap.fr\/word\/wp-json\/wp\/v2\/posts"}],"about":[{"href":"https:\/\/www.amicale-aeap.fr\/word\/wp-json\/wp\/v2\/types\/post"}],"author":[{"embeddable":true,"href":"https:\/\/www.amicale-aeap.fr\/word\/wp-json\/wp\/v2\/users\/156"}],"replies":[{"embeddable":true,"href":"https:\/\/www.amicale-aeap.fr\/word\/wp-json\/wp\/v2\/comments?post=2387"}],"version-history":[{"count":9,"href":"https:\/\/www.amicale-aeap.fr\/word\/wp-json\/wp\/v2\/posts\/2387\/revisions"}],"predecessor-version":[{"id":2397,"href":"https:\/\/www.amicale-aeap.fr\/word\/wp-json\/wp\/v2\/posts\/2387\/revisions\/2397"}],"wp:attachment":[{"href":"https:\/\/www.amicale-aeap.fr\/word\/wp-json\/wp\/v2\/media?parent=2387"}],"wp:term":[{"taxonomy":"category","embeddable":true,"href":"https:\/\/www.amicale-aeap.fr\/word\/wp-json\/wp\/v2\/categories?post=2387"},{"taxonomy":"post_tag","embeddable":true,"href":"https:\/\/www.amicale-aeap.fr\/word\/wp-json\/wp\/v2\/tags?post=2387"}],"curies":[{"name":"wp","href":"https:\/\/api.w.org\/{rel}","templated":true}]}}