{"id":2331,"date":"2012-06-04T15:47:16","date_gmt":"2012-06-04T14:47:16","guid":{"rendered":"http:\/\/www.amicale-aeap.fr\/word\/?p=2331"},"modified":"2012-06-04T15:47:17","modified_gmt":"2012-06-04T14:47:17","slug":"retour-sur-les-boucles-de-gayant","status":"publish","type":"post","link":"https:\/\/www.amicale-aeap.fr\/word\/2012\/06\/04\/retour-sur-les-boucles-de-gayant\/","title":{"rendered":"Retour sur les Boucles de Gayant"},"content":{"rendered":"<p><a href=\"http:\/\/www.amicale-aeap.fr\/word\/2012\/retour-sur-les-boucles-de-gayant\/img_6439\/\" rel=\"attachment wp-att-2332\"><img loading=\"lazy\" decoding=\"async\" src=\"http:\/\/www.amicale-aeap.fr\/word\/wp-content\/uploads\/2012\/06\/IMG_6439-300x200.jpg\" alt=\"\" title=\"Le d\u00e9part\" width=\"300\" height=\"200\" class=\"alignleft size-medium wp-image-2332\" srcset=\"https:\/\/www.amicale-aeap.fr\/word\/wp-content\/uploads\/2012\/06\/IMG_6439-300x200.jpg 300w, https:\/\/www.amicale-aeap.fr\/word\/wp-content\/uploads\/2012\/06\/IMG_6439-1024x682.jpg 1024w\" sizes=\"auto, (max-width: 300px) 100vw, 300px\" \/><\/a>Nous \u00e9tions 16 \u00e0 courir pour l\u2019Amicale lors de la 30\u00e8me \u00e9dition des Boucles de Gayant, le 17 mai dernier. Merci \u00e0 tous d\u2019avoir r\u00e9pondu pr\u00e9sent, coureurs et supporters !<\/p>\n<p>Vous pourrez trouver ci-dessous nos temps officiels et revivre la course en images, gr\u00e2ce aux superbes photos de C\u00e9cile (un grand merci \u00e0 elle !)<\/p>\n<p><a href=\"http:\/\/www.amicale-aeap.fr\/word\/2012\/retour-sur-les-boucles-de-gayant\/img_6626\/\" rel=\"attachment wp-att-2341\"><img decoding=\"async\" src=\"http:\/\/www.amicale-aeap.fr\/word\/wp-content\/uploads\/2012\/06\/IMG_6626.jpg\" alt=\"\" title=\"Photo finale\" width=\"600\" class=\"aligncenter size-medium wp-image-2341\" srcset=\"https:\/\/www.amicale-aeap.fr\/word\/wp-content\/uploads\/2012\/06\/IMG_6626.jpg 3888w, https:\/\/www.amicale-aeap.fr\/word\/wp-content\/uploads\/2012\/06\/IMG_6626-300x200.jpg 300w, https:\/\/www.amicale-aeap.fr\/word\/wp-content\/uploads\/2012\/06\/IMG_6626-1024x682.jpg 1024w\" sizes=\"(max-width: 3888px) 100vw, 3888px\" \/><\/a><\/p>\n<p><em><strong>R\u00e9sultats (temps officiels)<\/strong><\/em><\/p>\n<p><strong>10 km<\/strong><\/p>\n<p>40&rsquo;54       Damien Pass\u00e9<br \/>\n44&rsquo;11       S\u00e9bastien Lefebvre<br \/>\n44&rsquo;48       Serge Perdrix<br \/>\n46&rsquo;22       Alexandre Poulain<br \/>\n48&rsquo;37       Florent Guibert<br \/>\n51&rsquo;21       Laurent Thery<br \/>\n53&rsquo;15       Micka\u00ebl Cannarozzo<br \/>\n1:00&rsquo;19    Ren\u00e9 Lavarde<br \/>\n1:07&rsquo;03    Delphine Pass\u00e9<br \/>\n1:07&rsquo;04    Mario Lestani<\/p>\n<p><strong>5 km<\/strong><\/p>\n<p>20&rsquo;32       Julien Menu<br \/>\n22&rsquo;56       Emeric Chevillard<br \/>\n29&rsquo;58       Marion Merle<br \/>\n34&rsquo;07       Esperanza Perdrix<\/p>\n<p><strong>2 km<\/strong><\/p>\n<p>8&rsquo;57       R\u00e9mi Menu<br \/>\n10&rsquo;29       Victor Pass\u00e9<\/p>\n<p><em><strong>Photos<\/strong><\/em><\/p>\n<p>[nggallery id=17]<\/p>\n","protected":false},"excerpt":{"rendered":"<p>Nous \u00e9tions 16 \u00e0 courir pour l\u2019Amicale lors de la 30\u00e8me \u00e9dition des Boucles de Gayant, le 17 mai dernier. Merci \u00e0 tous d\u2019avoir r\u00e9pondu pr\u00e9sent, coureurs et supporters ! Vous pourrez trouver ci-dessous nos temps officiels et revivre la course en images, gr\u00e2ce aux superbes photos de C\u00e9cile (un [&hellip;]<\/p>\n","protected":false},"author":156,"featured_media":0,"comment_status":"open","ping_status":"closed","sticky":false,"template":"","format":"standard","meta":{"footnotes":""},"categories":[8],"tags":[],"class_list":["post-2331","post","type-post","status-publish","format-standard","hentry","category-perso"],"_links":{"self":[{"href":"https:\/\/www.amicale-aeap.fr\/word\/wp-json\/wp\/v2\/posts\/2331","targetHints":{"allow":["GET"]}}],"collection":[{"href":"https:\/\/www.amicale-aeap.fr\/word\/wp-json\/wp\/v2\/posts"}],"about":[{"href":"https:\/\/www.amicale-aeap.fr\/word\/wp-json\/wp\/v2\/types\/post"}],"author":[{"embeddable":true,"href":"https:\/\/www.amicale-aeap.fr\/word\/wp-json\/wp\/v2\/users\/156"}],"replies":[{"embeddable":true,"href":"https:\/\/www.amicale-aeap.fr\/word\/wp-json\/wp\/v2\/comments?post=2331"}],"version-history":[{"count":44,"href":"https:\/\/www.amicale-aeap.fr\/word\/wp-json\/wp\/v2\/posts\/2331\/revisions"}],"predecessor-version":[{"id":2377,"href":"https:\/\/www.amicale-aeap.fr\/word\/wp-json\/wp\/v2\/posts\/2331\/revisions\/2377"}],"wp:attachment":[{"href":"https:\/\/www.amicale-aeap.fr\/word\/wp-json\/wp\/v2\/media?parent=2331"}],"wp:term":[{"taxonomy":"category","embeddable":true,"href":"https:\/\/www.amicale-aeap.fr\/word\/wp-json\/wp\/v2\/categories?post=2331"},{"taxonomy":"post_tag","embeddable":true,"href":"https:\/\/www.amicale-aeap.fr\/word\/wp-json\/wp\/v2\/tags?post=2331"}],"curies":[{"name":"wp","href":"https:\/\/api.w.org\/{rel}","templated":true}]}}