{"id":2255,"date":"2012-04-24T09:55:04","date_gmt":"2012-04-24T08:55:04","guid":{"rendered":"http:\/\/www.amicale-aeap.fr\/word\/?p=2255"},"modified":"2012-04-27T14:06:57","modified_gmt":"2012-04-27T13:06:57","slug":"assemblee-generale-et-elections-le-jeudi-10-mai-a-15h00","status":"publish","type":"post","link":"https:\/\/www.amicale-aeap.fr\/word\/2012\/04\/24\/assemblee-generale-et-elections-le-jeudi-10-mai-a-15h00\/","title":{"rendered":"Assembl\u00e9e G\u00e9n\u00e9rale et Elections le jeudi 10 mai \u00e0 15h00"},"content":{"rendered":"<p>La prochaine Assembl\u00e9e G\u00e9n\u00e9rale de l&rsquo;Amicale aura lieu le <strong>jeudi 10 mai \u00e0 15h00<\/strong> dans la salle du restaurant.<\/p>\n<p>Apr\u00e8s l&rsquo;Assembl\u00e9e G\u00e9n\u00e9rale, une pr\u00e9sentation du voyage \u00ab\u00a0Trek au coeur du d\u00e9sert Marocain\u00a0\u00bb sera organis\u00e9e par \u00ab\u00a0Terre Aventure\u00a0\u00bb, suivie du pot de l&rsquo;amiti\u00e9.<\/p>\n<p>Vous trouverez en pi\u00e8ces jointes les nouveaux statuts et r\u00e8glements de l&rsquo;amicale. <strong>Les remarques sont \u00e9galement compil\u00e9es dans cet article. Participez en \u00e9crivant un commentaire ou en en parlant \u00e0 un membre du bureau !<\/strong><!--more--><\/p>\n<h3><strong>Documents \u00e0 t\u00e9l\u00e9charger :<\/strong><\/h3>\n<p><a rel=\"attachment wp-att-2256\" href=\"http:\/\/www.amicale-aeap.fr\/word\/2012\/assemblee-generale-et-elections-le-jeudi-10-mai-a-15h00\/reglement_interieur_20120419\/\"><\/a><a href=\"http:\/\/www.amicale-aeap.fr\/word\/wp-content\/uploads\/2012\/04\/reglement_interieur_20120419.doc\">R\u00e9glement int\u00e9rieur de l&rsquo;amicale<\/a><\/p>\n<p><a rel=\"attachment wp-att-2259\" href=\"http:\/\/www.amicale-aeap.fr\/word\/2012\/assemblee-generale-et-elections-le-jeudi-10-mai-a-15h00\/statuts_20120419-2\/\"><\/a><a href=\"http:\/\/www.amicale-aeap.fr\/word\/wp-content\/uploads\/2012\/04\/statuts_20120419.doc\">Statuts de l&rsquo;amicale<\/a><\/p>\n<p><a rel=\"attachment wp-att-2261\" href=\"http:\/\/www.amicale-aeap.fr\/word\/2012\/assemblee-generale-et-elections-le-jeudi-10-mai-a-15h00\/bulletin_ag-2\/\"><\/a><a href=\"http:\/\/www.amicale-aeap.fr\/word\/wp-content\/uploads\/2012\/04\/bulletin_AG1.doc\">Bulletin Assembl\u00e9e G\u00e9n\u00e9rale<\/a><\/p>\n<h3><strong>Compilation des remarques re\u00e7ues\u00a0 :<br \/>\n<\/strong><\/h3>\n<p>Dans la suite de cet article, nous reprendrons les remarques re\u00e7ues par les amicalistes et les int\u00e9grerons \u00e0 la fin dans le document. Vous avez la possibilit\u00e9 de laisser un commentaire pour participer au d\u00e9bat !<\/p>\n<p>27\/04\/2012 :<\/p>\n<p><strong>R\u00e8glement int\u00e9rieur, paragraphe 3.2 :<\/strong><\/p>\n<p>La d\u00e9finition de l&rsquo;ayant-droit \u00e9tant trop floue, nous ajouterons la mention suivante : <em>L&rsquo;ayant-droit doit \u00eatre un membre de la famille de l&rsquo;amicaliste. <\/em><\/p>\n<p><strong>R\u00e8glement int\u00e9rieur, paragraphe 4.1 :<\/strong><em> <\/em><\/p>\n<p><em>\u00ab\u00a0L\u2019ayant droit \u00a0peut participer \u00e0 une activit\u00e9 sans que l\u2019agent amicaliste y participe, sous r\u00e9serve de places disponibles.\u00a0\u00bb <\/em><\/p>\n<p><em> <\/em>Nous modifierons par : <em>\u00ab\u00a0L\u2019ayant droit \u00a0peut participer \u00e0 une activit\u00e9 r\u00e9guli\u00e8re (gym, peinture) sans que l\u2019agent amicaliste y participe, sous r\u00e9serve de places disponibles.<\/em> <em>Il ne peut toutefois participer \u00e0 un voyage ou \u00e0 un week-end sans que l&rsquo;amicaliste ne soit pr\u00e9sent.\u00a0\u00bb<\/em><\/p>\n<p>&nbsp;<\/p>\n<p>&nbsp;<\/p>\n","protected":false},"excerpt":{"rendered":"<p>La prochaine Assembl\u00e9e G\u00e9n\u00e9rale de l&rsquo;Amicale aura lieu le jeudi 10 mai \u00e0 15h00 dans la salle du restaurant. Apr\u00e8s l&rsquo;Assembl\u00e9e G\u00e9n\u00e9rale, une pr\u00e9sentation du voyage \u00ab\u00a0Trek au coeur du d\u00e9sert Marocain\u00a0\u00bb sera organis\u00e9e par \u00ab\u00a0Terre Aventure\u00a0\u00bb, suivie du pot de l&rsquo;amiti\u00e9. Vous trouverez en pi\u00e8ces jointes les nouveaux statuts [&hellip;]<\/p>\n","protected":false},"author":156,"featured_media":0,"comment_status":"open","ping_status":"closed","sticky":false,"template":"","format":"standard","meta":{"footnotes":""},"categories":[1],"tags":[],"class_list":["post-2255","post","type-post","status-publish","format-standard","hentry","category-actus"],"_links":{"self":[{"href":"https:\/\/www.amicale-aeap.fr\/word\/wp-json\/wp\/v2\/posts\/2255","targetHints":{"allow":["GET"]}}],"collection":[{"href":"https:\/\/www.amicale-aeap.fr\/word\/wp-json\/wp\/v2\/posts"}],"about":[{"href":"https:\/\/www.amicale-aeap.fr\/word\/wp-json\/wp\/v2\/types\/post"}],"author":[{"embeddable":true,"href":"https:\/\/www.amicale-aeap.fr\/word\/wp-json\/wp\/v2\/users\/156"}],"replies":[{"embeddable":true,"href":"https:\/\/www.amicale-aeap.fr\/word\/wp-json\/wp\/v2\/comments?post=2255"}],"version-history":[{"count":15,"href":"https:\/\/www.amicale-aeap.fr\/word\/wp-json\/wp\/v2\/posts\/2255\/revisions"}],"predecessor-version":[{"id":2276,"href":"https:\/\/www.amicale-aeap.fr\/word\/wp-json\/wp\/v2\/posts\/2255\/revisions\/2276"}],"wp:attachment":[{"href":"https:\/\/www.amicale-aeap.fr\/word\/wp-json\/wp\/v2\/media?parent=2255"}],"wp:term":[{"taxonomy":"category","embeddable":true,"href":"https:\/\/www.amicale-aeap.fr\/word\/wp-json\/wp\/v2\/categories?post=2255"},{"taxonomy":"post_tag","embeddable":true,"href":"https:\/\/www.amicale-aeap.fr\/word\/wp-json\/wp\/v2\/tags?post=2255"}],"curies":[{"name":"wp","href":"https:\/\/api.w.org\/{rel}","templated":true}]}}