{"id":2157,"date":"2012-04-17T19:59:29","date_gmt":"2012-04-17T18:59:29","guid":{"rendered":"http:\/\/www.amicale-aeap.fr\/word\/?p=2157"},"modified":"2012-04-27T14:11:21","modified_gmt":"2012-04-27T13:11:21","slug":"trek-au-coeur-du-desert-marocain","status":"publish","type":"post","link":"https:\/\/www.amicale-aeap.fr\/word\/2012\/04\/17\/trek-au-coeur-du-desert-marocain\/","title":{"rendered":"Trek au coeur du d\u00e9sert marocain"},"content":{"rendered":"<div>\n<div>\n<div>\n<p><strong>L\u2019Amicale vous propose de sortir des sentiers battus avec ce trek au Maroc qui aura lieu du 10 au 17 Novembre 2012 avec l&rsquo;Agence de voyage Terre d&rsquo;Aventure, un sp\u00e9cialiste du \u00ab\u00a0voyage \u00e0 pied\u00a0\u00bb.<\/strong><\/p>\n<p><a rel=\"attachment wp-att-2209\" href=\"http:\/\/www.amicale-aeap.fr\/word\/2012\/trek-au-coeur-du-desert-marocain\/269550-ori-4\/\"><img loading=\"lazy\" decoding=\"async\" class=\"alignleft size-medium wp-image-2209\" title=\"269550.ori\" src=\"http:\/\/www.amicale-aeap.fr\/word\/wp-content\/uploads\/2012\/04\/269550.ori_3-300x200.jpg\" alt=\"\" width=\"352\" height=\"234\" srcset=\"https:\/\/www.amicale-aeap.fr\/word\/wp-content\/uploads\/2012\/04\/269550.ori_3-300x200.jpg 300w, https:\/\/www.amicale-aeap.fr\/word\/wp-content\/uploads\/2012\/04\/269550.ori_3.jpg 639w\" sizes=\"auto, (max-width: 352px) 100vw, 352px\" \/><\/a><\/p>\n<p>&nbsp;<\/p>\n<p>D\u00e8s le lendemain de notre arriv\u00e9e \u00e0 Ouarzazate, nous serons transf\u00e9r\u00e9s aux portes du d\u00e9sert pour une randonn\u00e9e de 5 jours cons\u00e9cutifs. Nous d\u00e9couvrirons ainsi les diff\u00e9rents facettes du d\u00e9sert : les dunes de sables, les d\u00e9serts de pierres et les palmeraies\u2026 Les paysages ne manqueront pas de diversit\u00e9 et les travers\u00e9es de villages nous permettront d&rsquo;\u00eatre en contact avec la population locale.<\/p>\n<p>Cette randonn\u00e9e est tout \u00e0 fait accessible. Il faut compter 4 \u00e0 5H00 de marche par jour mais les franchissements de cordons de dunes et la travers\u00e9e de cette espace saharien ne pr\u00e9sentent aucune difficult\u00e9 d&rsquo;autant que nos sacs seront port\u00e9s par des chameaux.<\/p>\n<\/div>\n<div>\n<p>Tout au long du s\u00e9jour nous serons accompagn\u00e9s par un guide local, une \u00e9quipe chameli\u00e8re et un cuisinier qui nous pr\u00e9parera des plats savoureux tout au long du s\u00e9jour.<\/p>\n<p>Les conditions d\u2019h\u00e9bergement nous ram\u00e8nerons \u00e0 l\u2019essentiel (5 nuits de bivouac en tentes de 2 personnes et 1 litre d\u2019eau par personne et par jour pour se laver) mais c\u2019est tout le charme d&rsquo;un voyage comme celui-ci qui permet de d\u00eener et dormir au milieu de paysages grandioses loin du tumulte urbain.<\/p>\n<\/div>\n<\/div>\n<p><em>Les horaires de voyage ne sont pas encore fix\u00e9s, ils seront communiqu\u00e9s ult\u00e9rieurement.<\/em><\/p>\n<p><em> <\/em><\/p>\n<p><em>NB\u00a0: Un passeport est indispensable pour ce voyage.<\/em><\/p>\n<p><strong><span style=\"text-decoration: underline;\"> <\/span><\/strong><\/p>\n<p><strong><span style=\"text-decoration: underline;\">Tarifs :<\/span><\/strong><\/p>\n<p>790 \u20ac par amicaliste<\/p>\n<p>990 \u20ac par ext\u00e9rieur<\/p>\n<p>90 \u20ac de suppl\u00e9ment pour la chambre d&rsquo;h\u00f4tel et la tente single<\/p>\n<p>40 \u20ac de suppl\u00e9ment pour la location d\u2019un duvet<\/p>\n<p><span style=\"text-decoration: underline;\"> <\/span><\/p>\n<p><span style=\"text-decoration: underline;\"> <\/span><\/p>\n<p><span style=\"text-decoration: underline;\">Pour plus de renseignements <\/span>:<\/p>\n<p><a href=\"http:\/\/www.amicale-aeap.fr\/word\/wp-content\/uploads\/2012\/04\/Devis-Maroc-CE-agence-de-leau.pdf\">Le descriptif d\u00e9taill\u00e9 du s\u00e9jour<\/a><\/p>\n<p>http:\/\/www.terdav.com\/produit\/fiche\/MAR085\/caravane-sud<\/p>\n<p><strong>La pr\u00e9sentation de l&rsquo;Agence Terre d&rsquo;aventure qui viendra \u00e0 l&rsquo;Agence pr\u00e9senter ce trek le Jeudi 10 mai \u00e0 16H00 en salle du restaurant, apr\u00e8s l\u2019AG de l\u2019Amicale.<\/strong><\/p>\n<p>C\u00e9cile GALLIAN est \u00e9galement l\u00e0 pour r\u00e9pondre \u00e0 vos questions (bureau 112).<\/p>\n<p><strong> <\/strong><\/p>\n<p style=\"text-align: center;\"><a href=\"http:\/\/www.amicale-aeap.fr\/word\/wp-content\/uploads\/2012\/04\/TRECK_MAROC_NOV2012.ppt\"><span style=\"color: #3366ff;\"><strong>Le bulletin d&rsquo;inscription<\/strong><\/span><\/a><\/p>\n<\/div>\n","protected":false},"excerpt":{"rendered":"<p>L\u2019Amicale vous propose de sortir des sentiers battus avec ce trek au Maroc qui aura lieu du 10 au 17 Novembre 2012 avec l&rsquo;Agence de voyage Terre d&rsquo;Aventure, un sp\u00e9cialiste du \u00ab\u00a0voyage \u00e0 pied\u00a0\u00bb. &nbsp; D\u00e8s le lendemain de notre arriv\u00e9e \u00e0 Ouarzazate, nous serons transf\u00e9r\u00e9s aux portes du d\u00e9sert [&hellip;]<\/p>\n","protected":false},"author":156,"featured_media":0,"comment_status":"open","ping_status":"closed","sticky":false,"template":"","format":"standard","meta":{"footnotes":""},"categories":[1,4],"tags":[],"class_list":["post-2157","post","type-post","status-publish","format-standard","hentry","category-actus","category-sorties"],"_links":{"self":[{"href":"https:\/\/www.amicale-aeap.fr\/word\/wp-json\/wp\/v2\/posts\/2157","targetHints":{"allow":["GET"]}}],"collection":[{"href":"https:\/\/www.amicale-aeap.fr\/word\/wp-json\/wp\/v2\/posts"}],"about":[{"href":"https:\/\/www.amicale-aeap.fr\/word\/wp-json\/wp\/v2\/types\/post"}],"author":[{"embeddable":true,"href":"https:\/\/www.amicale-aeap.fr\/word\/wp-json\/wp\/v2\/users\/156"}],"replies":[{"embeddable":true,"href":"https:\/\/www.amicale-aeap.fr\/word\/wp-json\/wp\/v2\/comments?post=2157"}],"version-history":[{"count":86,"href":"https:\/\/www.amicale-aeap.fr\/word\/wp-json\/wp\/v2\/posts\/2157\/revisions"}],"predecessor-version":[{"id":2436,"href":"https:\/\/www.amicale-aeap.fr\/word\/wp-json\/wp\/v2\/posts\/2157\/revisions\/2436"}],"wp:attachment":[{"href":"https:\/\/www.amicale-aeap.fr\/word\/wp-json\/wp\/v2\/media?parent=2157"}],"wp:term":[{"taxonomy":"category","embeddable":true,"href":"https:\/\/www.amicale-aeap.fr\/word\/wp-json\/wp\/v2\/categories?post=2157"},{"taxonomy":"post_tag","embeddable":true,"href":"https:\/\/www.amicale-aeap.fr\/word\/wp-json\/wp\/v2\/tags?post=2157"}],"curies":[{"name":"wp","href":"https:\/\/api.w.org\/{rel}","templated":true}]}}