{"id":2014,"date":"2012-03-05T15:42:27","date_gmt":"2012-03-05T14:42:27","guid":{"rendered":"http:\/\/www.amicale-aeap.fr\/word\/?p=2014"},"modified":"2012-03-05T15:44:05","modified_gmt":"2012-03-05T14:44:05","slug":"la-baule-du-21-au-28-avril","status":"publish","type":"post","link":"https:\/\/www.amicale-aeap.fr\/word\/2012\/03\/05\/la-baule-du-21-au-28-avril\/","title":{"rendered":"La Baule du 21 au 28 avril"},"content":{"rendered":"<div>\n<div>L\u2019Amicale vous propose un s\u00e9jour \u00e0 <strong>LA BAULE <\/strong>avec une Thalasso (facultative) du 21 au 28 avril.<\/div>\n<div><a href=\"http:\/\/www.amicale-aeap.fr\/word\/wp-content\/uploads\/2012\/03\/Image1.jpg\"><img loading=\"lazy\" decoding=\"async\" class=\"alignright size-thumbnail wp-image-2016\" title=\"Image1\" src=\"http:\/\/www.amicale-aeap.fr\/word\/wp-content\/uploads\/2012\/03\/Image1-150x110.jpg\" alt=\"\" width=\"150\" height=\"110\" \/><\/a><\/div>\n<\/div>\n<div>\n<div><em>Le s\u00e9jour comprend : <\/em><\/div>\n<div><em>&#8211; La pension compl\u00e8te, vin au repas (caf\u00e9 non inclus) \u2013 <\/em><\/div>\n<div><em>&#8211; L\u2019h\u00e9bergement en chambres doubles, sanitaires priv\u00e9s, tel et radio, dans une r\u00e9sidence b\u00e9n\u00e9ficiant d\u2019une situation <\/em><em>privil\u00e9gi\u00e9e. Celle-ci est situ\u00e9e \u00e0 deux pas de la plus belle plage d\u2019Europe et \u00e0 50 m du Centre de Thalassoth\u00e9rapie. <\/em><\/div>\n<div><em>&#8211; La r\u00e9sidence se compose de 110 chambres sur 4 \u00e9tages avec ascenseur. le linge de toilette est compris. <\/em><\/div>\n<div>&#8211;<em>Services : bar, restaurant, salle de spectacle, salons de d\u00e9tente, salle de gymnastique, biblioth\u00e8que, salon TV, club <\/em><em>enfants, animations en soir\u00e9e<\/em><\/div>\n<div><!--more--><\/div>\n<div><em><br \/>\n<\/em><\/div>\n<div>\n<div>\n<div><strong>Tarifs :<\/strong><\/div>\n<div>amicalistes &#8211;  ext\u00e9rieurs :<\/div>\n<div>Enfants 0 \u00e0 -2 ans : \u00a0\u00a0 85 \u20ac &#8211;\u00a0 141 \u20ac<\/div>\n<div>Enfants 2 \u00e0 &lt;6 ans  111 \u20ac &#8211;\u00a0 235 \u20ac<\/div>\n<div>Enfants 6 \u00e0 &lt;14 ans  158 \u20ac &#8211;\u00a0 314 \u20ac<\/div>\n<div>Adultes \u00e0 partir 14 ans  196 \u20ac &#8211; 396\u00a0 \u20ac<\/div>\n<div>Le transport est laiss\u00e9 \u00e0 l\u2019initiative de chacun (SNCF ou co-voiturage)<\/div>\n<div>La participation de l\u2019Amicale est calcul\u00e9e sur un prix global (h\u00e9bergement et forfait transport bas\u00e9 tarif SNCF Aller Retour de 150 \u20ac au-dessus de 14 ans et 75 \u20ac en dessous).<\/div>\n<div><strong>Thalassoth\u00e9rapie : en sus<\/strong><\/div>\n<div>Cure de 2 \u00e0 20 soins : 79 \u20ac (2) \u2013 406 \u20ac (10) \u2013 529 \u20ac (20)<\/div>\n<\/div>\n<div>\n<div>\n<div>Limite d\u2019inscription : jeudi 22 mars \u00e0 12 h.<\/div>\n<div>Les ch\u00e8ques vacances sont accept\u00e9s.<\/div>\n<div>Ch\u00e8que d\u2019acompte de 20 % \u00e0 l\u2019inscription.<\/div>\n<div><\/div>\n<div><a href=\"http:\/\/www.amicale-aeap.fr\/word\/wp-content\/uploads\/2012\/03\/LA-BAULE_2012.ppt\">T\u00e9l\u00e9chargez le bulletin d&rsquo;inscription<\/a><\/div>\n<\/div>\n<\/div>\n<div><\/div>\n<\/div>\n<\/div>\n","protected":false},"excerpt":{"rendered":"<p>L\u2019Amicale vous propose un s\u00e9jour \u00e0 LA BAULE avec une Thalasso (facultative) du 21 au 28 avril. Le s\u00e9jour comprend : &#8211; La pension compl\u00e8te, vin au repas (caf\u00e9 non inclus) \u2013 &#8211; L\u2019h\u00e9bergement en chambres doubles, sanitaires priv\u00e9s, tel et radio, dans une r\u00e9sidence b\u00e9n\u00e9ficiant d\u2019une situation privil\u00e9gi\u00e9e. Celle-ci [&hellip;]<\/p>\n","protected":false},"author":1,"featured_media":0,"comment_status":"open","ping_status":"closed","sticky":false,"template":"","format":"standard","meta":{"footnotes":""},"categories":[4],"tags":[],"class_list":["post-2014","post","type-post","status-publish","format-standard","hentry","category-sorties"],"_links":{"self":[{"href":"https:\/\/www.amicale-aeap.fr\/word\/wp-json\/wp\/v2\/posts\/2014","targetHints":{"allow":["GET"]}}],"collection":[{"href":"https:\/\/www.amicale-aeap.fr\/word\/wp-json\/wp\/v2\/posts"}],"about":[{"href":"https:\/\/www.amicale-aeap.fr\/word\/wp-json\/wp\/v2\/types\/post"}],"author":[{"embeddable":true,"href":"https:\/\/www.amicale-aeap.fr\/word\/wp-json\/wp\/v2\/users\/1"}],"replies":[{"embeddable":true,"href":"https:\/\/www.amicale-aeap.fr\/word\/wp-json\/wp\/v2\/comments?post=2014"}],"version-history":[{"count":8,"href":"https:\/\/www.amicale-aeap.fr\/word\/wp-json\/wp\/v2\/posts\/2014\/revisions"}],"predecessor-version":[{"id":2024,"href":"https:\/\/www.amicale-aeap.fr\/word\/wp-json\/wp\/v2\/posts\/2014\/revisions\/2024"}],"wp:attachment":[{"href":"https:\/\/www.amicale-aeap.fr\/word\/wp-json\/wp\/v2\/media?parent=2014"}],"wp:term":[{"taxonomy":"category","embeddable":true,"href":"https:\/\/www.amicale-aeap.fr\/word\/wp-json\/wp\/v2\/categories?post=2014"},{"taxonomy":"post_tag","embeddable":true,"href":"https:\/\/www.amicale-aeap.fr\/word\/wp-json\/wp\/v2\/tags?post=2014"}],"curies":[{"name":"wp","href":"https:\/\/api.w.org\/{rel}","templated":true}]}}