{"id":1995,"date":"2012-02-22T16:25:26","date_gmt":"2012-02-22T15:25:26","guid":{"rendered":"http:\/\/www.amicale-aeap.fr\/word\/?p=1995"},"modified":"2012-02-22T16:36:55","modified_gmt":"2012-02-22T15:36:55","slug":"les-ria-2012-vous-nallez-pas-vous-ennuyer","status":"publish","type":"post","link":"https:\/\/www.amicale-aeap.fr\/word\/2012\/02\/22\/les-ria-2012-vous-nallez-pas-vous-ennuyer\/","title":{"rendered":"Les RIA 2012 &#8211; Vous n&rsquo;allez pas vous ennuyer !"},"content":{"rendered":"<p>La r\u00e9union des pr\u00e9sidents des amicales a eu lieu, nous avons les informations sur les prochains RIA organis\u00e9s par Adour-Garonne.<\/p>\n<p><!--more--><\/p>\n<h2><strong>Les infos <\/strong><\/h2>\n<p>&nbsp;<\/p>\n<p><strong><a href=\"http:\/\/www.amicale-aeap.fr\/word\/wp-content\/uploads\/2012\/02\/Image3.png\"><img loading=\"lazy\" decoding=\"async\" class=\"alignright size-thumbnail wp-image-2001\" title=\"Image3\" src=\"http:\/\/www.amicale-aeap.fr\/word\/wp-content\/uploads\/2012\/02\/Image3-150x150.png\" alt=\"\" width=\"150\" height=\"150\" srcset=\"https:\/\/www.amicale-aeap.fr\/word\/wp-content\/uploads\/2012\/02\/Image3-150x150.png 150w, https:\/\/www.amicale-aeap.fr\/word\/wp-content\/uploads\/2012\/02\/Image3-300x300.png 300w, https:\/\/www.amicale-aeap.fr\/word\/wp-content\/uploads\/2012\/02\/Image3.png 443w\" sizes=\"auto, (max-width: 150px) 100vw, 150px\" \/><\/a><\/strong><\/p>\n<p><strong>Les dates :<\/strong> 14 au 16 septembre 2012<\/p>\n<p><strong>Le lieu :<\/strong> Latitude : 43.8422\u00a0 Longitude : -1.37975<\/p>\n<p>( En clair, c&rsquo;est \u00e0 Moliets dans les Landes)<\/p>\n<p><strong>L&rsquo;h\u00e9bergement :<\/strong> Au centre Pierre et Vacances<\/p>\n<p><strong>La proximit\u00e9 avec la mer :<\/strong> C&rsquo;est juste \u00e0 c\u00f4t\u00e9 !<\/p>\n<p>&nbsp;<\/p>\n<h2 style=\"text-align: left;\"><strong>Le th\u00e8me <\/strong><\/h2>\n<h2 style=\"text-align: center;\"><span style=\"color: #339966;\"><strong>Les h\u00e9ros de notre enfance <\/strong><\/span><\/h2>\n<p style=\"text-align: center;\"><strong><a href=\"http:\/\/www.amicale-aeap.fr\/word\/wp-content\/uploads\/2012\/02\/Image2.png\"><img loading=\"lazy\" decoding=\"async\" class=\"size-medium wp-image-1997 aligncenter\" title=\"Image2\" src=\"http:\/\/www.amicale-aeap.fr\/word\/wp-content\/uploads\/2012\/02\/Image2-300x230.png\" alt=\"\" width=\"300\" height=\"230\" srcset=\"https:\/\/www.amicale-aeap.fr\/word\/wp-content\/uploads\/2012\/02\/Image2-300x230.png 300w, https:\/\/www.amicale-aeap.fr\/word\/wp-content\/uploads\/2012\/02\/Image2.png 879w\" sizes=\"auto, (max-width: 300px) 100vw, 300px\" \/><\/a><br \/>\n<\/strong><\/p>\n<p style=\"text-align: center;\">Pour Artois-Picardie : <strong>Jeux vid\u00e9os<\/strong><\/p>\n<h2><strong>Les d\u00e9fis<\/strong><\/h2>\n<p><strong>Premier d\u00e9fi : <\/strong> Un Flash Mob ( \u00e0 filmer ) : Chanter et danser dans un lieu insolite avec le plus de monde possible. Chor\u00e9graphie choisie par les organisateurs<\/p>\n<p><strong>Second d\u00e9fi : <\/strong>Post-it Art ( \u00e0 photographier) : La guerre est d\u00e9clar\u00e9e !!! Dessiner un h\u00e9ros de votre th\u00e8me et utiliser des post-it pour recr\u00e9er le design pix\u00e9lis\u00e9<\/p>\n<h2><strong>Le programme<\/strong><\/h2>\n<p><strong><br \/>\n<\/strong><\/p>\n<p>Vendredi<\/p>\n<ul>\n<li>Accueil<\/li>\n<li>Jeux individuels<\/li>\n<li>Soir\u00e9e \u00ab\u00a0Les h\u00e9ros de l\u2019enfance\u00a0\u00bb<\/li>\n<\/ul>\n<p>Samedi<\/p>\n<ul>\n<li>Matin : Jeux individuels<\/li>\n<li>Apr\u00e8s-midi : Jeux de groupe<\/li>\n<li>Soir\u00e9e \u00ab\u00a0Pyjama\u00a0\u00bb<\/li>\n<li>Remise des troph\u00e9es<\/li>\n<\/ul>\n<p>Dimanche<\/p>\n<ul>\n<li>Cool &#8230; brunch<\/li>\n<\/ul>\n<p>&nbsp;<\/p>\n<p>T\u00e9l\u00e9charger toute la pr\u00e9sentation Powerpoint (6 Mo)\u00a0 :\u00a0\u00a0 <a href=\"http:\/\/www.amicale-aeap.fr\/word\/wp-content\/uploads\/2012\/02\/Il-\u00e9tait-une-fois_V5.ppt\">Il \u00e9tait une fois_V5<\/a><\/p>\n","protected":false},"excerpt":{"rendered":"<p>La r\u00e9union des pr\u00e9sidents des amicales a eu lieu, nous avons les informations sur les prochains RIA organis\u00e9s par Adour-Garonne.<\/p>\n","protected":false},"author":1,"featured_media":0,"comment_status":"open","ping_status":"closed","sticky":false,"template":"","format":"standard","meta":{"footnotes":""},"categories":[1,34],"tags":[],"class_list":["post-1995","post","type-post","status-publish","format-standard","hentry","category-actus","category-rencontres-inter-agences"],"_links":{"self":[{"href":"https:\/\/www.amicale-aeap.fr\/word\/wp-json\/wp\/v2\/posts\/1995","targetHints":{"allow":["GET"]}}],"collection":[{"href":"https:\/\/www.amicale-aeap.fr\/word\/wp-json\/wp\/v2\/posts"}],"about":[{"href":"https:\/\/www.amicale-aeap.fr\/word\/wp-json\/wp\/v2\/types\/post"}],"author":[{"embeddable":true,"href":"https:\/\/www.amicale-aeap.fr\/word\/wp-json\/wp\/v2\/users\/1"}],"replies":[{"embeddable":true,"href":"https:\/\/www.amicale-aeap.fr\/word\/wp-json\/wp\/v2\/comments?post=1995"}],"version-history":[{"count":10,"href":"https:\/\/www.amicale-aeap.fr\/word\/wp-json\/wp\/v2\/posts\/1995\/revisions"}],"predecessor-version":[{"id":2009,"href":"https:\/\/www.amicale-aeap.fr\/word\/wp-json\/wp\/v2\/posts\/1995\/revisions\/2009"}],"wp:attachment":[{"href":"https:\/\/www.amicale-aeap.fr\/word\/wp-json\/wp\/v2\/media?parent=1995"}],"wp:term":[{"taxonomy":"category","embeddable":true,"href":"https:\/\/www.amicale-aeap.fr\/word\/wp-json\/wp\/v2\/categories?post=1995"},{"taxonomy":"post_tag","embeddable":true,"href":"https:\/\/www.amicale-aeap.fr\/word\/wp-json\/wp\/v2\/tags?post=1995"}],"curies":[{"name":"wp","href":"https:\/\/api.w.org\/{rel}","templated":true}]}}