{"id":1976,"date":"2012-02-09T15:58:52","date_gmt":"2012-02-09T14:58:52","guid":{"rendered":"http:\/\/www.amicale-aeap.fr\/word\/?p=1976"},"modified":"2012-03-05T15:35:17","modified_gmt":"2012-03-05T14:35:17","slug":"la-costa-brava-en-derniere-minute","status":"publish","type":"post","link":"https:\/\/www.amicale-aeap.fr\/word\/2012\/02\/09\/la-costa-brava-en-derniere-minute\/","title":{"rendered":"Annul\u00e9 &#8211; La Costa Brava en derni\u00e8re minute en avril !"},"content":{"rendered":"<div>\n<div><strong><a href=\"http:\/\/www.amicale-aeap.fr\/word\/wp-content\/uploads\/2012\/02\/carte-costa-brava.gif\"><img loading=\"lazy\" decoding=\"async\" class=\"alignright size-full wp-image-1979\" title=\"carte-costa-brava\" src=\"http:\/\/www.amicale-aeap.fr\/word\/wp-content\/uploads\/2012\/02\/carte-costa-brava.gif\" alt=\"\" width=\"244\" height=\"240\" \/><\/a>L\u2019AMICALE VOUS PROPOSE UN SEJOUR A ROSAS sur la Costa Brava en Espagne. <\/strong><\/div>\n<div><strong>C&rsquo;est une offre de derni\u00e8re minute PAS\u00a0 CHERE ! <\/strong><\/div>\n<div>\n<div><strong>DU 21 AU 28 AVRIL 2012<\/strong><\/div>\n<\/div>\n<div><strong><br \/>\n<\/strong><\/div>\n<div><strong> <\/strong><\/div>\n<div>Cette offre comprend l\u2019aller-retour en TGV, le transfert en car \u00e0 ROSAS, l\u2019h\u00e9bergement en pension compl\u00e8te \u00e0 l\u2019h\u00f4tel (base 40 personnes).<\/div>\n<div><!--more--><\/div>\n<p>&nbsp;<\/p>\n<p><strong>D\u00e9part le samedi 21 avril : <\/strong><\/p>\n<ul>\n<li>D\u00e9part de la gare LILLE EUROPE : 10 h 56<\/li>\n<li>Arriv\u00e9e \u00e0 la gare de PERPIGNAN : 17 h 43<\/li>\n<li>Transfert en car vers ROSAS<\/li>\n<\/ul>\n<p><strong>Retour le samedi 28 avril : <\/strong><\/p>\n<ul>\n<li>Transfert en car vers PERPIGNAN<\/li>\n<li>D\u00e9part de la gare de PERPIGNAN : 13 h 18<\/li>\n<li>Arriv\u00e9e\u00a0 \u00e0 la gare LILLE EUROPE : 19 h 57<\/li>\n<\/ul>\n<p><a href=\"http:\/\/www.amicale-aeap.fr\/word\/wp-content\/uploads\/2012\/02\/gaviota.jpg\"><img loading=\"lazy\" decoding=\"async\" class=\"size-full wp-image-1978 alignright\" title=\"gaviota\" src=\"http:\/\/www.amicale-aeap.fr\/word\/wp-content\/uploads\/2012\/02\/gaviota.jpg\" alt=\"\" width=\"287\" height=\"183\" \/><\/a><\/p>\n<p>Logement \u00e0 l\u2019h\u00f4tel GALLET \u00e0 ROSAS situ\u00e9 \u00e0 100 m de la plage et \u00e0 5 mn du centre ville \u00e0 c\u00f4t\u00e9 de la Citadelle des Roses, un des monuments historiques les plus importants en Catalogne.<\/p>\n<p>L\u2019h\u00e9bergement en pension compl\u00e8te comprend : chambre double, le d\u00eener du jour 1 au petit d\u00e9jeuner du dernier jour, les boissons aux repas (vin + eau).<\/p>\n<p>&nbsp;<\/p>\n<div><strong>EXEMPLE\u00a0 DES VISITES AU CHOIX : <\/strong><\/div>\n<ul>\n<li>A la journ\u00e9e : visite de Barcelone (d\u00e9jeuner compris) 50 \u20ac<\/li>\n<li>A la demi-journ\u00e9e : promenade en bateau aux Iles M\u00e8des 10 \u20ac, visite du Monast\u00e8re de Sant P\u00e8re 11 \u20ac, visite du march\u00e9 \u00e0 Empuriabrava 10 \u20ac, ballade en petit train \u00e0 Rosas 11 \u20ac, bal ap\u00e9ritif \u00e0 volont\u00e9 6 \u20ac, etc \u2026<\/li>\n<\/ul>\n<\/div>\n<div>\n<div>\n<div><strong>Tarif amicalistes :\u00a0  Adulte : 300 \u20ac\u00a0\u00a0\u00a0  Enfant &lt; 12 ans : 232 \u20ac <\/strong><\/div>\n<div><strong>Tarif ext\u00e9rieurs :\u00a0\u00a0\u00a0  Adulte : 500 \u20ac\u00a0\u00a0  Enfant &lt; 12 ans : 388 \u20ac <\/strong><\/div>\n<div><strong>Suppl\u00e9ment chambre individuelle : 84 \u20ac<\/strong><\/div>\n<div><strong><br \/>\n<\/strong><\/div>\n<div><strong><a href=\"http:\/\/www.amicale-aeap.fr\/word\/wp-content\/uploads\/2012\/02\/SEJOUR_COSTA_BRAVA.ppt\">T\u00e9l\u00e9chargez le bulletin d&rsquo;inscription<\/a><br \/>\n<\/strong><\/div>\n<\/div>\n<\/div>\n","protected":false},"excerpt":{"rendered":"<p>L\u2019AMICALE VOUS PROPOSE UN SEJOUR A ROSAS sur la Costa Brava en Espagne. C&rsquo;est une offre de derni\u00e8re minute PAS\u00a0 CHERE ! DU 21 AU 28 AVRIL 2012 Cette offre comprend l\u2019aller-retour en TGV, le transfert en car \u00e0 ROSAS, l\u2019h\u00e9bergement en pension compl\u00e8te \u00e0 l\u2019h\u00f4tel (base 40 personnes).<\/p>\n","protected":false},"author":1,"featured_media":0,"comment_status":"open","ping_status":"closed","sticky":false,"template":"","format":"standard","meta":{"footnotes":""},"categories":[4],"tags":[],"class_list":["post-1976","post","type-post","status-publish","format-standard","hentry","category-sorties"],"_links":{"self":[{"href":"https:\/\/www.amicale-aeap.fr\/word\/wp-json\/wp\/v2\/posts\/1976","targetHints":{"allow":["GET"]}}],"collection":[{"href":"https:\/\/www.amicale-aeap.fr\/word\/wp-json\/wp\/v2\/posts"}],"about":[{"href":"https:\/\/www.amicale-aeap.fr\/word\/wp-json\/wp\/v2\/types\/post"}],"author":[{"embeddable":true,"href":"https:\/\/www.amicale-aeap.fr\/word\/wp-json\/wp\/v2\/users\/1"}],"replies":[{"embeddable":true,"href":"https:\/\/www.amicale-aeap.fr\/word\/wp-json\/wp\/v2\/comments?post=1976"}],"version-history":[{"count":11,"href":"https:\/\/www.amicale-aeap.fr\/word\/wp-json\/wp\/v2\/posts\/1976\/revisions"}],"predecessor-version":[{"id":1985,"href":"https:\/\/www.amicale-aeap.fr\/word\/wp-json\/wp\/v2\/posts\/1976\/revisions\/1985"}],"wp:attachment":[{"href":"https:\/\/www.amicale-aeap.fr\/word\/wp-json\/wp\/v2\/media?parent=1976"}],"wp:term":[{"taxonomy":"category","embeddable":true,"href":"https:\/\/www.amicale-aeap.fr\/word\/wp-json\/wp\/v2\/categories?post=1976"},{"taxonomy":"post_tag","embeddable":true,"href":"https:\/\/www.amicale-aeap.fr\/word\/wp-json\/wp\/v2\/tags?post=1976"}],"curies":[{"name":"wp","href":"https:\/\/api.w.org\/{rel}","templated":true}]}}