{"id":1831,"date":"2012-01-31T11:51:25","date_gmt":"2012-01-31T10:51:25","guid":{"rendered":"http:\/\/www.amicale-aeap.fr\/word\/?p=1831"},"modified":"2012-01-31T11:51:25","modified_gmt":"2012-01-31T10:51:25","slug":"le-vrai-visage-des-vacances-des-amicalistes","status":"publish","type":"post","link":"https:\/\/www.amicale-aeap.fr\/word\/2012\/01\/31\/le-vrai-visage-des-vacances-des-amicalistes\/","title":{"rendered":"Le vrai visage des vacances des amicalistes"},"content":{"rendered":"<p>Le concours photo a \u00e9t\u00e9 lanc\u00e9 en Novembre. Chacun \u00e9tait invit\u00e9 \u00e0 partager une photo sur le th\u00e8me \u00ab\u00a0le vrai visage des vacances\u00a0\u00bb et \u00e0 donner son avis pour \u00e9lire le meilleur clich\u00e9.<\/p>\n<p>Voici les photos prim\u00e9es dans la cat\u00e9gorie Jeunesse :<\/p>\n<p><a rel=\"attachment wp-att-1911\" href=\"http:\/\/www.amicale-aeap.fr\/word\/2012\/le-vrai-visage-des-vacances-des-amicalistes\/attachment\/41\/\"><img loading=\"lazy\" decoding=\"async\" class=\"alignnone size-thumbnail wp-image-1911\" title=\"41\" src=\"http:\/\/www.amicale-aeap.fr\/word\/wp-content\/uploads\/2012\/01\/41-150x150.jpg\" alt=\"\" width=\"150\" height=\"150\" \/><\/a> <a rel=\"attachment wp-att-1912\" href=\"http:\/\/www.amicale-aeap.fr\/word\/2012\/le-vrai-visage-des-vacances-des-amicalistes\/hep_taxi-be06c992102bab2ff89b937aacce63f6eddf85c0\/\"><img loading=\"lazy\" decoding=\"async\" class=\"alignnone size-thumbnail wp-image-1912\" title=\"hep_taxi-be06c992102bab2ff89b937aacce63f6eddf85c0\" src=\"http:\/\/www.amicale-aeap.fr\/word\/wp-content\/uploads\/2012\/01\/hep_taxi-be06c992102bab2ff89b937aacce63f6eddf85c0-150x150.jpg\" alt=\"\" width=\"150\" height=\"150\" \/><\/a> <a rel=\"attachment wp-att-1913\" href=\"http:\/\/www.amicale-aeap.fr\/word\/2012\/le-vrai-visage-des-vacances-des-amicalistes\/martin-tournesol-par-alice-80d00bd6d01663c41b18ffdd2299133712392d07\/\"><img loading=\"lazy\" decoding=\"async\" class=\"alignnone size-thumbnail wp-image-1913\" title=\"martin-tournesol-par-alice-80d00bd6d01663c41b18ffdd2299133712392d07\" src=\"http:\/\/www.amicale-aeap.fr\/word\/wp-content\/uploads\/2012\/01\/martin-tournesol-par-alice-80d00bd6d01663c41b18ffdd2299133712392d07-150x150.jpg\" alt=\"\" width=\"150\" height=\"150\" \/><\/a><\/p>\n<p><em>1\u00e8re Mathilde Seyman\u00a0\u00a0\u00a0\u00a0\u00a0\u00a0\u00a0\u00a0\u00a0\u00a0\u00a0\u00a0\u00a0\u00a0\u00a0\u00a0\u00a0\u00a0\u00a0 2\u00e8me Joanna Michel\u00a0\u00a0\u00a0\u00a0\u00a0\u00a0\u00a0\u00a0\u00a0\u00a0\u00a0\u00a0\u00a0\u00a0\u00a0\u00a0\u00a0\u00a0\u00a0\u00a0 3\u00e8me Alice Vandeweghe<\/em><\/p>\n<p>Quant aux adultes, voici les photos qui ont \u00e9t\u00e9 plebiscit\u00e9es :<\/p>\n<p><a rel=\"attachment wp-att-1907\" href=\"http:\/\/www.amicale-aeap.fr\/word\/2012\/le-vrai-visage-des-vacances-des-amicalistes\/100_8696-bf8c123f54c2742d28583c2274032b9b1a561ffd\/\"><img loading=\"lazy\" decoding=\"async\" class=\"alignnone size-thumbnail wp-image-1907\" title=\"100_8696-bf8c123f54c2742d28583c2274032b9b1a561ffd\" src=\"http:\/\/www.amicale-aeap.fr\/word\/wp-content\/uploads\/2012\/01\/100_8696-bf8c123f54c2742d28583c2274032b9b1a561ffd-150x150.jpg\" alt=\"\" width=\"150\" height=\"150\" \/><\/a> <a rel=\"attachment wp-att-1908\" href=\"http:\/\/www.amicale-aeap.fr\/word\/2012\/le-vrai-visage-des-vacances-des-amicalistes\/retro2-b68f6ea3b93b4a535ccaad9ae5dbed58f9f19f20\/\"><img loading=\"lazy\" decoding=\"async\" class=\"alignnone size-thumbnail wp-image-1908\" title=\"retro2-b68f6ea3b93b4a535ccaad9ae5dbed58f9f19f20\" src=\"http:\/\/www.amicale-aeap.fr\/word\/wp-content\/uploads\/2012\/01\/retro2-b68f6ea3b93b4a535ccaad9ae5dbed58f9f19f20-150x150.jpg\" alt=\"\" width=\"150\" height=\"150\" \/><\/a> <a rel=\"attachment wp-att-1910\" href=\"http:\/\/www.amicale-aeap.fr\/word\/2012\/le-vrai-visage-des-vacances-des-amicalistes\/img_2879-6ae49666ee2a3000ee0341b19a42a2b2fed26e21\/\"><img loading=\"lazy\" decoding=\"async\" class=\"alignnone size-thumbnail wp-image-1910\" title=\"img_2879-6ae49666ee2a3000ee0341b19a42a2b2fed26e21\" src=\"http:\/\/www.amicale-aeap.fr\/word\/wp-content\/uploads\/2012\/01\/img_2879-6ae49666ee2a3000ee0341b19a42a2b2fed26e21-150x150.jpg\" alt=\"\" width=\"150\" height=\"150\" \/><\/a><\/p>\n<p><em>1\u00e8re Nadine Giordanno\u00a0\u00a0\u00a0\u00a0\u00a0\u00a0\u00a0\u00a0\u00a0\u00a0\u00a0\u00a0\u00a0\u00a0\u00a0\u00a0\u00a0\u00a0 2\u00e8me Monika Michel\u00a0\u00a0\u00a0\u00a0\u00a0\u00a0\u00a0\u00a0\u00a0\u00a0\u00a0\u00a0\u00a0\u00a0\u00a0\u00a0\u00a0\u00a0\u00a0 3\u00e8me Nicolas Seyman<\/em><\/p>\n<p>Bravo \u00e0 tous ceux qui ont os\u00e9s se lancer dans le concours, ils ont permis de rapporter \u00e0 leur \u00e9quipe, a minima, un point de participation.\u00a0 En comptant tous les point c&rsquo;est la goutte d&rsquo;eau qui remporte cette \u00e9preuve avec 30 points, suivi de tr\u00e8s pr\u00e8s par le Secours Populaire qui totalise 29 points. En troisi\u00e8me position figure le Chat l&rsquo;heureux avec 25 points, puis Handi&rsquo;chiens avec 13 points et l&rsquo;AFM avec 3 points.<\/p>\n<p><a href=\"http:\/\/www.amicale-aeap.fr\/word\/wp-content\/uploads\/2012\/01\/r\u00e9sultats-du-concours-photos.pdf\">Pour plus de d\u00e9tails sur les r\u00e9sultats<\/a><\/p>\n<p>&nbsp;<\/p>\n","protected":false},"excerpt":{"rendered":"<p>Le concours photo a \u00e9t\u00e9 lanc\u00e9 en Novembre. Chacun \u00e9tait invit\u00e9 \u00e0 partager une photo sur le th\u00e8me \u00ab\u00a0le vrai visage des vacances\u00a0\u00bb et \u00e0 donner son avis pour \u00e9lire le meilleur clich\u00e9. Voici les photos prim\u00e9es dans la cat\u00e9gorie Jeunesse : 1\u00e8re Mathilde Seyman\u00a0\u00a0\u00a0\u00a0\u00a0\u00a0\u00a0\u00a0\u00a0\u00a0\u00a0\u00a0\u00a0\u00a0\u00a0\u00a0\u00a0\u00a0\u00a0 2\u00e8me Joanna Michel\u00a0\u00a0\u00a0\u00a0\u00a0\u00a0\u00a0\u00a0\u00a0\u00a0\u00a0\u00a0\u00a0\u00a0\u00a0\u00a0\u00a0\u00a0\u00a0\u00a0 3\u00e8me Alice [&hellip;]<\/p>\n","protected":false},"author":156,"featured_media":0,"comment_status":"open","ping_status":"closed","sticky":false,"template":"","format":"standard","meta":{"footnotes":""},"categories":[8,7],"tags":[],"class_list":["post-1831","post","type-post","status-publish","format-standard","hentry","category-perso","category-40ans"],"_links":{"self":[{"href":"https:\/\/www.amicale-aeap.fr\/word\/wp-json\/wp\/v2\/posts\/1831","targetHints":{"allow":["GET"]}}],"collection":[{"href":"https:\/\/www.amicale-aeap.fr\/word\/wp-json\/wp\/v2\/posts"}],"about":[{"href":"https:\/\/www.amicale-aeap.fr\/word\/wp-json\/wp\/v2\/types\/post"}],"author":[{"embeddable":true,"href":"https:\/\/www.amicale-aeap.fr\/word\/wp-json\/wp\/v2\/users\/156"}],"replies":[{"embeddable":true,"href":"https:\/\/www.amicale-aeap.fr\/word\/wp-json\/wp\/v2\/comments?post=1831"}],"version-history":[{"count":20,"href":"https:\/\/www.amicale-aeap.fr\/word\/wp-json\/wp\/v2\/posts\/1831\/revisions"}],"predecessor-version":[{"id":1961,"href":"https:\/\/www.amicale-aeap.fr\/word\/wp-json\/wp\/v2\/posts\/1831\/revisions\/1961"}],"wp:attachment":[{"href":"https:\/\/www.amicale-aeap.fr\/word\/wp-json\/wp\/v2\/media?parent=1831"}],"wp:term":[{"taxonomy":"category","embeddable":true,"href":"https:\/\/www.amicale-aeap.fr\/word\/wp-json\/wp\/v2\/categories?post=1831"},{"taxonomy":"post_tag","embeddable":true,"href":"https:\/\/www.amicale-aeap.fr\/word\/wp-json\/wp\/v2\/tags?post=1831"}],"curies":[{"name":"wp","href":"https:\/\/api.w.org\/{rel}","templated":true}]}}