{"id":1816,"date":"2012-01-26T11:16:10","date_gmt":"2012-01-26T10:16:10","guid":{"rendered":"http:\/\/www.amicale-aeap.fr\/word\/?p=1816"},"modified":"2012-03-05T15:35:52","modified_gmt":"2012-03-05T14:35:52","slug":"salon-agriculture-ou-paris-liberte-le-dimanche-04-mars-2012","status":"publish","type":"post","link":"https:\/\/www.amicale-aeap.fr\/word\/2012\/01\/26\/salon-agriculture-ou-paris-liberte-le-dimanche-04-mars-2012\/","title":{"rendered":"Annul\u00e9 &#8211; Sortie au salon de l&rsquo;agriculture ou promenade libre \u00e0 Paris le dimanche 4 mars 2012"},"content":{"rendered":"<p>L&rsquo;amicale vous propose de passer le <strong>dimanche 04 mars 2012 <\/strong>au <strong>Salon de l&rsquo;Agriculture<\/strong> ou de passer une <strong>journ\u00e9e libre \u00e0 PARIS<\/strong>, journ\u00e9e nationale d&rsquo;acc\u00e8s gratuit aux mus\u00e9es.<strong><a href=\"http:\/\/www.amicale-aeap.fr\/word\/wp-content\/uploads\/2012\/01\/paris_2.jpg\"><img loading=\"lazy\" decoding=\"async\" class=\"alignright size-medium wp-image-1822\" title=\"paris_2\" src=\"http:\/\/www.amicale-aeap.fr\/word\/wp-content\/uploads\/2012\/01\/paris_2-300x225.jpg\" alt=\"\" width=\"300\" height=\"225\" srcset=\"https:\/\/www.amicale-aeap.fr\/word\/wp-content\/uploads\/2012\/01\/paris_2-300x225.jpg 300w, https:\/\/www.amicale-aeap.fr\/word\/wp-content\/uploads\/2012\/01\/paris_2.jpg 1024w\" sizes=\"auto, (max-width: 300px) 100vw, 300px\" \/><\/a><\/strong><\/p>\n<p>Un bus vous d\u00e9posera \u00e0 la Porte de Versailles et vous y reprendra.<!--more--><\/p>\n<p>Le d\u00e9part de Douai est \u00e0 6h00, arriv\u00e9e \u00e0 Paris vers 9h00.<\/p>\n<p>Le retour de Paris est \u00e0 19h00, arriv\u00e9e \u00e0 Douai vers 22h00<\/p>\n<p>Une participation de 50% sur les entr\u00e9es du salon se fera sur pr\u00e9sentation des justificatifs.<\/p>\n<p><strong>Vous trouverez en pi\u00e8ce jointe le bulletin d&rsquo;inscription \u00e0 retourner avant le 16 f\u00e9vrier 2012. <\/strong><\/p>\n<p><strong><a href=\"http:\/\/www.amicale-aeap.fr\/word\/wp-content\/uploads\/2012\/01\/bul_ins_salon_agr_2012.ppt\">T\u00e9l\u00e9chargez le bulletin d&rsquo;inscription<\/a><\/strong><\/p>\n<p>&nbsp;<\/p>\n<p>Tarif amicaliste adulte : 12 euros<br \/>\nTarif amicaliste enfant (-12) : 8 euros<\/p>\n<p>Tarif ext\u00e9rieur adulte : 24 euros<br \/>\nTarif ext\u00e9rieur enfant (-12) : 15 euros<\/p>\n","protected":false},"excerpt":{"rendered":"<p>L&rsquo;amicale vous propose de passer le dimanche 04 mars 2012 au Salon de l&rsquo;Agriculture ou de passer une journ\u00e9e libre \u00e0 PARIS, journ\u00e9e nationale d&rsquo;acc\u00e8s gratuit aux mus\u00e9es. Un bus vous d\u00e9posera \u00e0 la Porte de Versailles et vous y reprendra.<\/p>\n","protected":false},"author":156,"featured_media":0,"comment_status":"open","ping_status":"closed","sticky":false,"template":"","format":"standard","meta":{"footnotes":""},"categories":[4],"tags":[],"class_list":["post-1816","post","type-post","status-publish","format-standard","hentry","category-sorties"],"_links":{"self":[{"href":"https:\/\/www.amicale-aeap.fr\/word\/wp-json\/wp\/v2\/posts\/1816","targetHints":{"allow":["GET"]}}],"collection":[{"href":"https:\/\/www.amicale-aeap.fr\/word\/wp-json\/wp\/v2\/posts"}],"about":[{"href":"https:\/\/www.amicale-aeap.fr\/word\/wp-json\/wp\/v2\/types\/post"}],"author":[{"embeddable":true,"href":"https:\/\/www.amicale-aeap.fr\/word\/wp-json\/wp\/v2\/users\/156"}],"replies":[{"embeddable":true,"href":"https:\/\/www.amicale-aeap.fr\/word\/wp-json\/wp\/v2\/comments?post=1816"}],"version-history":[{"count":8,"href":"https:\/\/www.amicale-aeap.fr\/word\/wp-json\/wp\/v2\/posts\/1816\/revisions"}],"predecessor-version":[{"id":2011,"href":"https:\/\/www.amicale-aeap.fr\/word\/wp-json\/wp\/v2\/posts\/1816\/revisions\/2011"}],"wp:attachment":[{"href":"https:\/\/www.amicale-aeap.fr\/word\/wp-json\/wp\/v2\/media?parent=1816"}],"wp:term":[{"taxonomy":"category","embeddable":true,"href":"https:\/\/www.amicale-aeap.fr\/word\/wp-json\/wp\/v2\/categories?post=1816"},{"taxonomy":"post_tag","embeddable":true,"href":"https:\/\/www.amicale-aeap.fr\/word\/wp-json\/wp\/v2\/tags?post=1816"}],"curies":[{"name":"wp","href":"https:\/\/api.w.org\/{rel}","templated":true}]}}