{"id":1766,"date":"2012-01-11T13:11:14","date_gmt":"2012-01-11T12:11:14","guid":{"rendered":"http:\/\/www.amicale-aeap.fr\/word\/?p=1766"},"modified":"2012-01-11T13:11:14","modified_gmt":"2012-01-11T12:11:14","slug":"projets-humanitaires-en-amerique-du-sud","status":"publish","type":"post","link":"https:\/\/www.amicale-aeap.fr\/word\/2012\/01\/11\/projets-humanitaires-en-amerique-du-sud\/","title":{"rendered":"Projets humanitaires en Am\u00e9rique du Sud"},"content":{"rendered":"<p>Bonjour \u00e0 tous,<\/p>\n<p>Je suis \u2013 encore jusque demain jeudi &#8211; stagiaire au service agriculture. \u00c0 partir de f\u00e9vrier, je pars avec 3 amis au P\u00e9rou et en \u00c9quateur. Nous allons travailler pour deux associations de\u00a0 d\u00e9veloppement \/ solidarit\u00e9 internationale.<br \/>\n<!--more--><a href=\"http:\/\/www.amicale-aeap.fr\/word\/wp-content\/uploads\/2012\/01\/image1.jpg\"><img loading=\"lazy\" decoding=\"async\" class=\"alignleft size-medium wp-image-1771\" title=\"image1\" src=\"http:\/\/www.amicale-aeap.fr\/word\/wp-content\/uploads\/2012\/01\/image1-300x225.jpg\" alt=\"\" width=\"300\" height=\"225\" srcset=\"https:\/\/www.amicale-aeap.fr\/word\/wp-content\/uploads\/2012\/01\/image1-300x225.jpg 300w, https:\/\/www.amicale-aeap.fr\/word\/wp-content\/uploads\/2012\/01\/image1.jpg 617w\" sizes=\"auto, (max-width: 300px) 100vw, 300px\" \/><\/a><br \/>\nLa premi\u00e8re, <strong>Agro Peru Ni\u00f1os<\/strong>, travaille au d\u00e9veloppement rural \u00e0 Cospan, dans les\u00a0 Andes p\u00e9ruviennes. L\u2019association existe depuis 2008 et a d\u00e9j\u00e0 mis en place un module \u00ab agriculture paysanne \u00bb dans le coll\u00e8ge. Notre participation au projet consistera \u00e0 faire une \u00e9valuation du syllabus et \u00e0 am\u00e9liorer ce module et sa reconnaissance (entre autre faire les d\u00e9marches pour qu\u2019il soit reconnu par le gouvernement r\u00e9gional). Nous allons \u00e9galement, si les finances le permettent, commencer la construction d\u2019un laboratoire de transformation alimentaire qui servira autant pour les cours (pour les TP notamment), que comme coop\u00e9rative pour les agriculteurs.<\/p>\n<p>La seconde, <strong>Ho\u00e9<\/strong>, participe \u00e0 la construction d\u2019un mus\u00e9e de la culture Shuar (am\u00e9rindien) initi\u00e9 par la fondation Tsunki Shuar dans la ville de Puyo en Equateur. Ce mus\u00e9e se veut \u00ab vivant \u00bb, c&rsquo;est-\u00e0-dire que les communaut\u00e9s de la r\u00e9gion pourront s\u2019en servir comme lieu d\u2019\u00e9change entre elles et le reste de la population ou les touristes. Ces communaut\u00e9s\u00a0 sont aujourd\u2019hui soumises \u00e0 de nombreuses discriminations.<br \/>\nPar ailleurs, l\u2019association aide \u00e9galement directement certaines communaut\u00e9s indiennes qui se sont r\u00e9cemment s\u00e9dentaris\u00e9es, notamment pour l&rsquo;achat de b\u00e9tail.<\/p>\n<p><strong>Pour mener \u00e0 bien ces projets, nous essayons de r\u00e9colter de l&rsquo;argent pour ces deux associations.<\/strong><\/p>\n<p>Pour cela, nous nous sommes inscrits sur le site <a href=\"http:\/\/www.ulule.fr\">ulule.fr<\/a>. Il permet \u00e0 tout le monde de nous aider en donnant un peu d&rsquo;argent (pas de minimum) avec diff\u00e9rentes contreparties de notre part selon la somme. Vous pourrez recevoir par exemple un T-shirt d&rsquo;une des associations, des objets d&rsquo;artisanat local &#8230;<\/p>\n<p>Voici le lien direct vers notre projet : <a href=\"http:\/\/fr.ulule.com\/peruecuador\/\">http:\/\/fr.ulule.com\/peruecuador\/<\/a> . Vous y trouverez une description plus compl\u00e8te de nos projets. Pour que nous touchions l&rsquo;argent, il faut que l\u2019objectif que nous nous sommes fix\u00e9s soit atteint. Nous avons fix\u00e9 1000\u20ac et en avons d\u00e9j\u00e0 r\u00e9colt\u00e9 plus de la moiti\u00e9 !<\/p>\n<p>Je vous invite \u00e9galement \u00e0 parcourir le site, beaucoup de projets tr\u00e8s divers y sont propos\u00e9s : des actions humanitaires ou sociales \u00e0 la cr\u00e9ation d\u2019entreprise en passant par l\u2019\u00e9dition de CD.<\/p>\n<p>Par ailleurs, pour\u00a0 ceux que cela int\u00e9resse, vous pouvez suivre notre projet via le blog &#8211; carnet de voyage : <a href=\" http:\/\/peruecuador2012.blogspot.com\/\">http:\/\/peruecuador2012.blogspot.com\/<\/a><\/p>\n<p>N&rsquo;h\u00e9sitez pas \u00e0 en parler autour de vous !<\/p>\n<p>Je vous remercie pour votre aide !<\/p>\n<p>Julien MACRELLE<\/p>\n","protected":false},"excerpt":{"rendered":"<p>Bonjour \u00e0 tous, Je suis \u2013 encore jusque demain jeudi &#8211; stagiaire au service agriculture. \u00c0 partir de f\u00e9vrier, je pars avec 3 amis au P\u00e9rou et en \u00c9quateur. Nous allons travailler pour deux associations de\u00a0 d\u00e9veloppement \/ solidarit\u00e9 internationale.<\/p>\n","protected":false},"author":1,"featured_media":0,"comment_status":"open","ping_status":"closed","sticky":false,"template":"","format":"standard","meta":{"footnotes":""},"categories":[1],"tags":[],"class_list":["post-1766","post","type-post","status-publish","format-standard","hentry","category-actus"],"_links":{"self":[{"href":"https:\/\/www.amicale-aeap.fr\/word\/wp-json\/wp\/v2\/posts\/1766","targetHints":{"allow":["GET"]}}],"collection":[{"href":"https:\/\/www.amicale-aeap.fr\/word\/wp-json\/wp\/v2\/posts"}],"about":[{"href":"https:\/\/www.amicale-aeap.fr\/word\/wp-json\/wp\/v2\/types\/post"}],"author":[{"embeddable":true,"href":"https:\/\/www.amicale-aeap.fr\/word\/wp-json\/wp\/v2\/users\/1"}],"replies":[{"embeddable":true,"href":"https:\/\/www.amicale-aeap.fr\/word\/wp-json\/wp\/v2\/comments?post=1766"}],"version-history":[{"count":8,"href":"https:\/\/www.amicale-aeap.fr\/word\/wp-json\/wp\/v2\/posts\/1766\/revisions"}],"predecessor-version":[{"id":1775,"href":"https:\/\/www.amicale-aeap.fr\/word\/wp-json\/wp\/v2\/posts\/1766\/revisions\/1775"}],"wp:attachment":[{"href":"https:\/\/www.amicale-aeap.fr\/word\/wp-json\/wp\/v2\/media?parent=1766"}],"wp:term":[{"taxonomy":"category","embeddable":true,"href":"https:\/\/www.amicale-aeap.fr\/word\/wp-json\/wp\/v2\/categories?post=1766"},{"taxonomy":"post_tag","embeddable":true,"href":"https:\/\/www.amicale-aeap.fr\/word\/wp-json\/wp\/v2\/tags?post=1766"}],"curies":[{"name":"wp","href":"https:\/\/api.w.org\/{rel}","templated":true}]}}