{"id":1758,"date":"2012-01-11T12:27:50","date_gmt":"2012-01-11T11:27:50","guid":{"rendered":"http:\/\/www.amicale-aeap.fr\/word\/?p=1758"},"modified":"2012-01-11T12:55:58","modified_gmt":"2012-01-11T11:55:58","slug":"cirque-educatif-dimanche-19-fevrier-a-15h00","status":"publish","type":"post","link":"https:\/\/www.amicale-aeap.fr\/word\/2012\/01\/11\/cirque-educatif-dimanche-19-fevrier-a-15h00\/","title":{"rendered":"CIRQUE EDUCATIF Dimanche 19 F\u00e9vrier \u00e0 15H00"},"content":{"rendered":"<p>L&rsquo;Amicale et plus particuli\u00e8rement Claudine Parnetzki vous proposent comme tous les ans, un spectacle de qualit\u00e9 sur le th\u00e8me <strong>\u00ab\u00a0Eh bien, dansez maintenant !\u00a0\u00bb<\/strong><\/p>\n<p>Classique, jazzy, moderne ou burlesque, sous toutes ses formes, la danse sera pr\u00e9sente avec une troupe internationale et un super orchestre qui vous interpelleront.<\/p>\n<p style=\"text-align: center;\"><strong>Ce spectacle aura lieu sous chapiteau chauff\u00e9 pr\u00e8s du lyc\u00e9e Rimbaud \u00e0 Sin le Noble \u00e0 15h00.<\/strong><\/p>\n<p style=\"text-align: left;\">Vous trouverez en pi\u00e8ce jointe le bulletin d&rsquo;inscription.<\/p>\n<p style=\"text-align: left;\">Les inscription se font aupr\u00e8s de Chantal (amicale) jusqu&rsquo;au 1er f\u00e9vrier dernier d\u00e9lai.<\/p>\n<p style=\"text-align: left;\"><a rel=\"attachment wp-att-1759\" href=\"http:\/\/www.amicale-aeap.fr\/word\/2012\/cirque-educatif-dimanche-19-fevrier-a-15h00\/cirque_du_19_fevrier_2012\/\"><\/a><a href=\"http:\/\/www.amicale-aeap.fr\/word\/wp-content\/uploads\/2012\/01\/cirque_du_19_f\u00e9vrier_2012.ppt\">cirque_du_19_f\u00e9vrier_2012<\/a><\/p>\n","protected":false},"excerpt":{"rendered":"<p>L&rsquo;Amicale et plus particuli\u00e8rement Claudine Parnetzki vous proposent comme tous les ans, un spectacle de qualit\u00e9 sur le th\u00e8me \u00ab\u00a0Eh bien, dansez maintenant !\u00a0\u00bb Classique, jazzy, moderne ou burlesque, sous toutes ses formes, la danse sera pr\u00e9sente avec une troupe internationale et un super orchestre qui vous interpelleront. Ce spectacle [&hellip;]<\/p>\n","protected":false},"author":156,"featured_media":0,"comment_status":"open","ping_status":"closed","sticky":false,"template":"","format":"standard","meta":{"footnotes":""},"categories":[4],"tags":[],"class_list":["post-1758","post","type-post","status-publish","format-standard","hentry","category-sorties"],"_links":{"self":[{"href":"https:\/\/www.amicale-aeap.fr\/word\/wp-json\/wp\/v2\/posts\/1758","targetHints":{"allow":["GET"]}}],"collection":[{"href":"https:\/\/www.amicale-aeap.fr\/word\/wp-json\/wp\/v2\/posts"}],"about":[{"href":"https:\/\/www.amicale-aeap.fr\/word\/wp-json\/wp\/v2\/types\/post"}],"author":[{"embeddable":true,"href":"https:\/\/www.amicale-aeap.fr\/word\/wp-json\/wp\/v2\/users\/156"}],"replies":[{"embeddable":true,"href":"https:\/\/www.amicale-aeap.fr\/word\/wp-json\/wp\/v2\/comments?post=1758"}],"version-history":[{"count":6,"href":"https:\/\/www.amicale-aeap.fr\/word\/wp-json\/wp\/v2\/posts\/1758\/revisions"}],"predecessor-version":[{"id":1765,"href":"https:\/\/www.amicale-aeap.fr\/word\/wp-json\/wp\/v2\/posts\/1758\/revisions\/1765"}],"wp:attachment":[{"href":"https:\/\/www.amicale-aeap.fr\/word\/wp-json\/wp\/v2\/media?parent=1758"}],"wp:term":[{"taxonomy":"category","embeddable":true,"href":"https:\/\/www.amicale-aeap.fr\/word\/wp-json\/wp\/v2\/categories?post=1758"},{"taxonomy":"post_tag","embeddable":true,"href":"https:\/\/www.amicale-aeap.fr\/word\/wp-json\/wp\/v2\/tags?post=1758"}],"curies":[{"name":"wp","href":"https:\/\/api.w.org\/{rel}","templated":true}]}}