{"id":1682,"date":"2011-12-23T13:49:47","date_gmt":"2011-12-23T12:49:47","guid":{"rendered":"http:\/\/www.amicale-aeap.fr\/word\/?p=1682"},"modified":"2012-11-08T10:28:32","modified_gmt":"2012-11-08T09:28:32","slug":"noel-joyeux-noel","status":"publish","type":"post","link":"https:\/\/www.amicale-aeap.fr\/word\/2011\/12\/23\/noel-joyeux-noel\/","title":{"rendered":"No\u00ebl, Joyeux No\u00ebl&#8230;"},"content":{"rendered":"<p><a rel=\"attachment wp-att-1707\" href=\"http:\/\/www.amicale-aeap.fr\/word\/?attachment_id=1707\"><\/a><a rel=\"attachment wp-att-1718\" href=\"http:\/\/www.amicale-aeap.fr\/word\/2011\/noel-joyeux-noel\/_mg_0053-5\/\"><img loading=\"lazy\" decoding=\"async\" class=\"alignleft size-medium wp-image-1718\" title=\"T'es qui toi ?\" src=\"http:\/\/www.amicale-aeap.fr\/word\/wp-content\/uploads\/2011\/12\/MG_00534-200x300.jpg\" alt=\"\" width=\"200\" height=\"300\" srcset=\"https:\/\/www.amicale-aeap.fr\/word\/wp-content\/uploads\/2011\/12\/MG_00534-200x300.jpg 200w, https:\/\/www.amicale-aeap.fr\/word\/wp-content\/uploads\/2011\/12\/MG_00534-682x1024.jpg 682w, https:\/\/www.amicale-aeap.fr\/word\/wp-content\/uploads\/2011\/12\/MG_00534.jpg 1000w\" sizes=\"auto, (max-width: 200px) 100vw, 200px\" \/><\/a>L&rsquo;arbre de No\u00ebl de l&rsquo;amicale s&rsquo;est d\u00e9roul\u00e9 dimanche 11 d\u00e9cembre sous les yeux \u00e9merveill\u00e9s, parfois\u00a0inquiets des petits enfants&#8230;<\/p>\n<p><a rel=\"attachment wp-att-1683\" href=\"http:\/\/www.amicale-aeap.fr\/word\/?attachment_id=1683\"><\/a><\/p>\n<p>Apr\u00e8s\u00a0un spectacle haut en couleur \u00e0 Gayant expo, les enfants et leurs parents se sont retrouv\u00e9s autour d&rsquo;un go\u00fbter dans la salle du pavillon Roux o\u00f9 les attendaient \u00e9galement des jeux d&rsquo;estaminet, des ateliers de cr\u00e9ation manuelle et de maquillage.<\/p>\n<p>Enfin, le P\u00e8re-No\u00ebl a fait son apparition dans la salle pour remettre des cadeaux aux enfants. Grand moment de joie et d&rsquo;excitation pour beaucoup d&rsquo;entre eux !<\/p>\n<div id=\"_mcePaste\" class=\"mcePaste\" style=\"position: absolute; width: 1px; height: 1px; overflow: hidden; top: 0px; left: -10000px;\">\ufeff<\/div>\n<p>[nggallery id=15]<\/p>\n","protected":false},"excerpt":{"rendered":"<p>L&rsquo;arbre de No\u00ebl de l&rsquo;amicale s&rsquo;est d\u00e9roul\u00e9 dimanche 11 d\u00e9cembre sous les yeux \u00e9merveill\u00e9s, parfois\u00a0inquiets des petits enfants&#8230; Apr\u00e8s\u00a0un spectacle haut en couleur \u00e0 Gayant expo, les enfants et leurs parents se sont retrouv\u00e9s autour d&rsquo;un go\u00fbter dans la salle du pavillon Roux o\u00f9 les attendaient \u00e9galement des jeux d&rsquo;estaminet, [&hellip;]<\/p>\n","protected":false},"author":3,"featured_media":0,"comment_status":"open","ping_status":"closed","sticky":false,"template":"","format":"standard","meta":{"footnotes":""},"categories":[45,1],"tags":[33,32],"class_list":["post-1682","post","type-post","status-publish","format-standard","hentry","category-noel-2","category-actus","tag-enfant","tag-noel"],"_links":{"self":[{"href":"https:\/\/www.amicale-aeap.fr\/word\/wp-json\/wp\/v2\/posts\/1682","targetHints":{"allow":["GET"]}}],"collection":[{"href":"https:\/\/www.amicale-aeap.fr\/word\/wp-json\/wp\/v2\/posts"}],"about":[{"href":"https:\/\/www.amicale-aeap.fr\/word\/wp-json\/wp\/v2\/types\/post"}],"author":[{"embeddable":true,"href":"https:\/\/www.amicale-aeap.fr\/word\/wp-json\/wp\/v2\/users\/3"}],"replies":[{"embeddable":true,"href":"https:\/\/www.amicale-aeap.fr\/word\/wp-json\/wp\/v2\/comments?post=1682"}],"version-history":[{"count":55,"href":"https:\/\/www.amicale-aeap.fr\/word\/wp-json\/wp\/v2\/posts\/1682\/revisions"}],"predecessor-version":[{"id":2989,"href":"https:\/\/www.amicale-aeap.fr\/word\/wp-json\/wp\/v2\/posts\/1682\/revisions\/2989"}],"wp:attachment":[{"href":"https:\/\/www.amicale-aeap.fr\/word\/wp-json\/wp\/v2\/media?parent=1682"}],"wp:term":[{"taxonomy":"category","embeddable":true,"href":"https:\/\/www.amicale-aeap.fr\/word\/wp-json\/wp\/v2\/categories?post=1682"},{"taxonomy":"post_tag","embeddable":true,"href":"https:\/\/www.amicale-aeap.fr\/word\/wp-json\/wp\/v2\/tags?post=1682"}],"curies":[{"name":"wp","href":"https:\/\/api.w.org\/{rel}","templated":true}]}}