{"id":1372,"date":"2011-10-21T06:13:53","date_gmt":"2011-10-21T05:13:53","guid":{"rendered":"http:\/\/www.amicale-aeap.fr\/word\/?p=1372"},"modified":"2011-10-21T06:13:53","modified_gmt":"2011-10-21T05:13:53","slug":"musee-de-la-chartreuse-cetait-douai-au-debut-du-20e-siecle","status":"publish","type":"post","link":"https:\/\/www.amicale-aeap.fr\/word\/2011\/10\/21\/musee-de-la-chartreuse-cetait-douai-au-debut-du-20e-siecle\/","title":{"rendered":"Mus\u00e9e de la Chartreuse : \u00ab\u00a0C\u00e9tait Douai au d\u00e9but du 20e si\u00e8cle\u00a0\u00bb"},"content":{"rendered":"<p>Vous aimez la photographie, vous aimez les cartes postales, vous aimez Douai ou vous aimez tout simplement l&rsquo;histoire.<\/p>\n<p>Je vous invite donc \u00e0 d\u00e9couvrir cette exposition organis\u00e9e conjointement par le mus\u00e9e de la Chartreuse, la phototh\u00e8que Augustin Boutique et le service des archives municipales de Douai.<\/p>\n<p>La phototh\u00e8que poss\u00e8de un fond Exceptionnel !<\/p>\n<p>Augustin Boutique, vous connaissez.<br \/>\nLa phototh\u00e8que du m\u00eame nom et ses expositions aussi.<\/p>\n<p>Mais <strong>la collection Ravet<\/strong>, probablement pas.<br \/>\nC&rsquo;est une collection de r\u00e9f\u00e9rence en terme de cartes postales sur Douai, parcourant bourses et salons, Mme Genevi\u00e8ve Ravet-Henneron a rassembl\u00e9e au fil des ans des tr\u00e9sors. En 2006, elle a g\u00e9n\u00e9reusement l\u00e9gu\u00e9 ce fond \u00e0 la ville de Douai.<\/p>\n<p><strong>La collection Baron<\/strong>, vous ne connaissez peut \u00eatre pas. Il s&rsquo;ag\u00eet d&rsquo;un ancien photographe de Douai \u00e9dit\u00e9 en cartes postales dont le fond est aussi \u00e0 la Phototh\u00e8que suite \u00e0 une donation.<\/p>\n<p>Voici les r\u00e9f\u00e9rences pour cette exposition:<\/p>\n<p>&#8211; Mus\u00e9e de la Chartreuse 130 rue des Chartreux<\/p>\n<p>&#8211; <strong>du 22 octobre 2011 au 23 Janvier 2012<\/strong><\/p>\n<p>&#8211; de 10H \u00e0 12H et de 14H \u00e0 18H<br \/>\n&#8211; tarifs plein 4\u20ac20 \/ tarif r\u00e9duit 2\u20ac10<br \/>\n&#8211; <strong>GRATUIT <\/strong>: -18 ans et 1er dimanche du mois<\/p>\n<p>Bonne fl\u00e2nerie dans le Douai d&rsquo;autrefois !<\/p>\n<p>Fred d&rsquo;SI<\/p>\n","protected":false},"excerpt":{"rendered":"<p>Vous aimez la photographie, vous aimez les cartes postales, vous aimez Douai ou vous aimez tout simplement l&rsquo;histoire. Je vous invite donc \u00e0 d\u00e9couvrir cette exposition organis\u00e9e conjointement par le mus\u00e9e de la Chartreuse, la phototh\u00e8que Augustin Boutique et le service des archives municipales de Douai. La phototh\u00e8que poss\u00e8de un [&hellip;]<\/p>\n","protected":false},"author":156,"featured_media":0,"comment_status":"open","ping_status":"closed","sticky":false,"template":"","format":"standard","meta":{"footnotes":""},"categories":[1,28],"tags":[30],"class_list":["post-1372","post","type-post","status-publish","format-standard","hentry","category-actus","category-bons-plans","tag-photo-exposition-douai-musee-carte-postale-collection"],"_links":{"self":[{"href":"https:\/\/www.amicale-aeap.fr\/word\/wp-json\/wp\/v2\/posts\/1372","targetHints":{"allow":["GET"]}}],"collection":[{"href":"https:\/\/www.amicale-aeap.fr\/word\/wp-json\/wp\/v2\/posts"}],"about":[{"href":"https:\/\/www.amicale-aeap.fr\/word\/wp-json\/wp\/v2\/types\/post"}],"author":[{"embeddable":true,"href":"https:\/\/www.amicale-aeap.fr\/word\/wp-json\/wp\/v2\/users\/156"}],"replies":[{"embeddable":true,"href":"https:\/\/www.amicale-aeap.fr\/word\/wp-json\/wp\/v2\/comments?post=1372"}],"version-history":[{"count":4,"href":"https:\/\/www.amicale-aeap.fr\/word\/wp-json\/wp\/v2\/posts\/1372\/revisions"}],"predecessor-version":[{"id":1375,"href":"https:\/\/www.amicale-aeap.fr\/word\/wp-json\/wp\/v2\/posts\/1372\/revisions\/1375"}],"wp:attachment":[{"href":"https:\/\/www.amicale-aeap.fr\/word\/wp-json\/wp\/v2\/media?parent=1372"}],"wp:term":[{"taxonomy":"category","embeddable":true,"href":"https:\/\/www.amicale-aeap.fr\/word\/wp-json\/wp\/v2\/categories?post=1372"},{"taxonomy":"post_tag","embeddable":true,"href":"https:\/\/www.amicale-aeap.fr\/word\/wp-json\/wp\/v2\/tags?post=1372"}],"curies":[{"name":"wp","href":"https:\/\/api.w.org\/{rel}","templated":true}]}}