{"id":1342,"date":"2011-10-17T10:22:05","date_gmt":"2011-10-17T09:22:05","guid":{"rendered":"http:\/\/www.amicale-aeap.fr\/word\/?p=1342"},"modified":"2011-10-17T10:24:03","modified_gmt":"2011-10-17T09:24:03","slug":"collecte-de-livres-denfants-pour-orphelinat-au-cameroun","status":"publish","type":"post","link":"https:\/\/www.amicale-aeap.fr\/word\/2011\/10\/17\/collecte-de-livres-denfants-pour-orphelinat-au-cameroun\/","title":{"rendered":"Collecte de livres d&rsquo;enfants pour orphelinat au Cameroun"},"content":{"rendered":"<p><a href=\"http:\/\/www.amicale-aeap.fr\/word\/wp-content\/uploads\/2011\/10\/RTEmagicC_cameroun_2.jpg.jpg\"><img loading=\"lazy\" decoding=\"async\" class=\"alignleft size-thumbnail wp-image-1343\" title=\"photo piqu\u00e9e sur internet\" src=\"http:\/\/www.amicale-aeap.fr\/word\/wp-content\/uploads\/2011\/10\/RTEmagicC_cameroun_2.jpg-150x136.jpg\" alt=\"\" width=\"150\" height=\"136\" \/><\/a>Bonjour,<\/p>\n<p>Si vous avez des livres d&rsquo;enfants qui n&rsquo;int\u00e9ressent plus vos enfants, je suis preneuse.<\/p>\n<p>Nous partons au Cameroun en d\u00e9cembre et souhaiterions faire don de livres \u00e0 un orphelinat \u00e0 Yaound\u00e9. Nous connaissons quelqu&rsquo;un qui\u00a0 organise des apr\u00e8s-midis \u00ab\u00a0\u00e9veil\u00a0\u00bb avec les enfants dans cet orphelinat.<\/p>\n<p><!--more-->Les livres ne doivent pas \u00eatre trop lourds si possible, il faut que l&rsquo;on puisse les porter dans le train, puis les mettre en bagage dans l&rsquo;avion ! De pr\u00e9f\u00e9rence deux ou trois petits livres plut\u00f4t qu&rsquo;un grand lourd par exemple. Concernant le type de livre, plut\u00f4t simple avec des images,\u00a0 pour des petits de 0 \u00e0 5 ans.<\/p>\n<p>Vous pouvez venir les d\u00e9poser dans mon bureau jusqu&rsquo;au 1er d\u00e9cembre.<\/p>\n<p>Merci, M\u00e9lina (bureau 414).<\/p>\n<p>&nbsp;<\/p>\n<p>&nbsp;<\/p>\n<p>&nbsp;<\/p>\n<p>&nbsp;<\/p>\n","protected":false},"excerpt":{"rendered":"<p>Bonjour, Si vous avez des livres d&rsquo;enfants qui n&rsquo;int\u00e9ressent plus vos enfants, je suis preneuse. Nous partons au Cameroun en d\u00e9cembre et souhaiterions faire don de livres \u00e0 un orphelinat \u00e0 Yaound\u00e9. Nous connaissons quelqu&rsquo;un qui\u00a0 organise des apr\u00e8s-midis \u00ab\u00a0\u00e9veil\u00a0\u00bb avec les enfants dans cet orphelinat.<\/p>\n","protected":false},"author":1,"featured_media":0,"comment_status":"open","ping_status":"closed","sticky":false,"template":"","format":"standard","meta":{"footnotes":""},"categories":[26],"tags":[],"class_list":["post-1342","post","type-post","status-publish","format-standard","hentry","category-petites-annonces"],"_links":{"self":[{"href":"https:\/\/www.amicale-aeap.fr\/word\/wp-json\/wp\/v2\/posts\/1342","targetHints":{"allow":["GET"]}}],"collection":[{"href":"https:\/\/www.amicale-aeap.fr\/word\/wp-json\/wp\/v2\/posts"}],"about":[{"href":"https:\/\/www.amicale-aeap.fr\/word\/wp-json\/wp\/v2\/types\/post"}],"author":[{"embeddable":true,"href":"https:\/\/www.amicale-aeap.fr\/word\/wp-json\/wp\/v2\/users\/1"}],"replies":[{"embeddable":true,"href":"https:\/\/www.amicale-aeap.fr\/word\/wp-json\/wp\/v2\/comments?post=1342"}],"version-history":[{"count":3,"href":"https:\/\/www.amicale-aeap.fr\/word\/wp-json\/wp\/v2\/posts\/1342\/revisions"}],"predecessor-version":[{"id":1346,"href":"https:\/\/www.amicale-aeap.fr\/word\/wp-json\/wp\/v2\/posts\/1342\/revisions\/1346"}],"wp:attachment":[{"href":"https:\/\/www.amicale-aeap.fr\/word\/wp-json\/wp\/v2\/media?parent=1342"}],"wp:term":[{"taxonomy":"category","embeddable":true,"href":"https:\/\/www.amicale-aeap.fr\/word\/wp-json\/wp\/v2\/categories?post=1342"},{"taxonomy":"post_tag","embeddable":true,"href":"https:\/\/www.amicale-aeap.fr\/word\/wp-json\/wp\/v2\/tags?post=1342"}],"curies":[{"name":"wp","href":"https:\/\/api.w.org\/{rel}","templated":true}]}}