{"id":1283,"date":"2011-09-28T09:51:07","date_gmt":"2011-09-28T08:51:07","guid":{"rendered":"http:\/\/www.amicale-aeap.fr\/word\/?p=1283"},"modified":"2011-09-28T09:51:07","modified_gmt":"2011-09-28T08:51:07","slug":"scarpe","status":"publish","type":"post","link":"https:\/\/www.amicale-aeap.fr\/word\/2011\/09\/28\/scarpe\/","title":{"rendered":"Les anciens en ballade sur la Scarpe"},"content":{"rendered":"<p>Samedi 17 septembre, Bernard Simon et Charline Lema\u00eetre, ont propos\u00e9 aux retrait\u00e9s et anciens de l&rsquo;agence, de se retrouver dans la joie et la bonne humeur pour \u00e9voquer leurs souvenirs durant toutes ces ann\u00e9es pass\u00e9es \u00e0 l&rsquo;agence de l&rsquo;eau.<!--more--><\/p>\n<p>18 personnes ont accept\u00e9\u00a0 l&rsquo;invitation et avaient donc rendez-vous \u00e0 bord du SWANNY IV pour profiter d&rsquo;un repas et de la promenade sur la SCARPE avec passage d&rsquo;\u00e9cluse, de 11h30 \u00e0 17h.<\/p>\n<p>Tous ont appr\u00e9ci\u00e9s cette balade et ont regrett\u00e9s l&rsquo;absence des autres personnes. Il est vrai que d\u00e9sormais les retrait\u00e9s prennent leurs vacances en septembre ! pour la prochaine sortie, nous y ferons plus attention pour fixer la date afin de retrouver le plus grand nombre de personnes.<\/p>\n<p>Je n&rsquo;ai malheureusement pas pu y participer \u00e0 cause d&rsquo;un probl\u00e8me de sant\u00e9 mais j&rsquo;ai beaucoup regrett\u00e9.<\/p>\n<p>Etaient pr\u00e9sents :\u00a0 Jocelyne\u00a0 Lestani, Ir\u00e8ne Moreau, Gill\u00e8ne Ovart, Christiane Pyzdrowski, Michel et Yvette Avenard, Bernard et L\u00e9one Simon, Alain et Genevi\u00e8ve Str\u00e9belle,\u00a0 Christian et No\u00eblle Deparis, Bernadette et Jean-Claude Coquid\u00e9, Monique et Alain Thellier, Ren\u00e9 et Dagmar Lavarde.\u00a0 Jacques Vernier et Mme, Michel Durousseau \u00e9taient venus pour l&rsquo;ap\u00e9ritif uniquement.<\/p>\n<p><a href=\"http:\/\/www.amicale-aeap.fr\/word\/wp-content\/uploads\/2011\/09\/IMG_6798.jpg\"><img loading=\"lazy\" decoding=\"async\" class=\"alignleft size-full wp-image-1289\" title=\"IMG_6798\" src=\"http:\/\/www.amicale-aeap.fr\/word\/wp-content\/uploads\/2011\/09\/IMG_6798.jpg\" alt=\"\" width=\"448\" height=\"257\" srcset=\"https:\/\/www.amicale-aeap.fr\/word\/wp-content\/uploads\/2011\/09\/IMG_6798.jpg 448w, https:\/\/www.amicale-aeap.fr\/word\/wp-content\/uploads\/2011\/09\/IMG_6798-300x172.jpg 300w\" sizes=\"auto, (max-width: 448px) 100vw, 448px\" \/><\/a><\/p>\n<p>&nbsp;<\/p>\n<p>&nbsp;<\/p>\n<p>&nbsp;<\/p>\n<p>&nbsp;<\/p>\n<p>&nbsp;<\/p>\n<p>&nbsp;<\/p>\n<p>&nbsp;<\/p>\n<p>&nbsp;<\/p>\n<p>&nbsp;<\/p>\n<p>A refaire donc. Charline<\/p>\n","protected":false},"excerpt":{"rendered":"<p>Samedi 17 septembre, Bernard Simon et Charline Lema\u00eetre, ont propos\u00e9 aux retrait\u00e9s et anciens de l&rsquo;agence, de se retrouver dans la joie et la bonne humeur pour \u00e9voquer leurs souvenirs durant toutes ces ann\u00e9es pass\u00e9es \u00e0 l&rsquo;agence de l&rsquo;eau.<\/p>\n","protected":false},"author":156,"featured_media":0,"comment_status":"open","ping_status":"closed","sticky":false,"template":"","format":"standard","meta":{"footnotes":""},"categories":[1],"tags":[],"class_list":["post-1283","post","type-post","status-publish","format-standard","hentry","category-actus"],"_links":{"self":[{"href":"https:\/\/www.amicale-aeap.fr\/word\/wp-json\/wp\/v2\/posts\/1283","targetHints":{"allow":["GET"]}}],"collection":[{"href":"https:\/\/www.amicale-aeap.fr\/word\/wp-json\/wp\/v2\/posts"}],"about":[{"href":"https:\/\/www.amicale-aeap.fr\/word\/wp-json\/wp\/v2\/types\/post"}],"author":[{"embeddable":true,"href":"https:\/\/www.amicale-aeap.fr\/word\/wp-json\/wp\/v2\/users\/156"}],"replies":[{"embeddable":true,"href":"https:\/\/www.amicale-aeap.fr\/word\/wp-json\/wp\/v2\/comments?post=1283"}],"version-history":[{"count":5,"href":"https:\/\/www.amicale-aeap.fr\/word\/wp-json\/wp\/v2\/posts\/1283\/revisions"}],"predecessor-version":[{"id":1290,"href":"https:\/\/www.amicale-aeap.fr\/word\/wp-json\/wp\/v2\/posts\/1283\/revisions\/1290"}],"wp:attachment":[{"href":"https:\/\/www.amicale-aeap.fr\/word\/wp-json\/wp\/v2\/media?parent=1283"}],"wp:term":[{"taxonomy":"category","embeddable":true,"href":"https:\/\/www.amicale-aeap.fr\/word\/wp-json\/wp\/v2\/categories?post=1283"},{"taxonomy":"post_tag","embeddable":true,"href":"https:\/\/www.amicale-aeap.fr\/word\/wp-json\/wp\/v2\/tags?post=1283"}],"curies":[{"name":"wp","href":"https:\/\/api.w.org\/{rel}","templated":true}]}}