{"id":1238,"date":"2011-09-20T18:25:20","date_gmt":"2011-09-20T17:25:20","guid":{"rendered":"http:\/\/www.amicale-aeap.fr\/word\/?p=1238"},"modified":"2012-10-09T10:19:41","modified_gmt":"2012-10-09T09:19:41","slug":"28-sept-au-club-photo-lautomne-a-lhonneur","status":"publish","type":"post","link":"https:\/\/www.amicale-aeap.fr\/word\/2011\/09\/20\/28-sept-au-club-photo-lautomne-a-lhonneur\/","title":{"rendered":"28 sept au club photo : l&rsquo;automne \u00e0 l&rsquo;honneur !"},"content":{"rendered":"<p><a href=\"http:\/\/www.amicale-aeap.fr\/word\/wp-content\/uploads\/2011\/09\/images.jpg\"><img loading=\"lazy\" decoding=\"async\" class=\"alignleft size-full wp-image-1239\" title=\"images\" src=\"http:\/\/www.amicale-aeap.fr\/word\/wp-content\/uploads\/2011\/09\/images.jpg\" alt=\"\" width=\"259\" height=\"194\" \/><\/a> Prochaine s\u00e9ance du club photo :<\/p>\n<p>le 28 septembre de 12h30 \u00e0 14h00<\/p>\n<p>Vous \u00eates tous les bienvenus pour cette s\u00e9ance sp\u00e9ciale Automne.<\/p>\n<p>Pas besoin d&rsquo;avoir particip\u00e9 \u00e0 une des s\u00e9ances de l&rsquo;ann\u00e9e derni\u00e8re !<\/p>\n<p><!--more--><\/p>\n<p>&nbsp;<\/p>\n<p>&nbsp;<\/p>\n<p>&nbsp;<\/p>\n<h3><strong>Premi\u00e8re partie :<\/strong> proposition de photos des participants &#8211; critiques et conseils &#8211; amenez vos photos de vacances !<\/h3>\n<h3><strong>Seconde partie :<\/strong> photos d&rsquo;automne, comment g\u00e9rer la lumi\u00e8re, feuilles  mortes, arbres se d\u00e9coupant dans le ciel &#8230; c&rsquo;est bient\u00f4t d&rsquo;actualit\u00e9 !<\/h3>\n<p>&nbsp;<\/p>\n<blockquote>\n<p style=\"text-align: center;\">Dans le club photo nouvelle mouture,<\/p>\n<p style=\"text-align: center;\"><strong>une s\u00e9ance par mois<\/strong><\/p>\n<p style=\"text-align: center;\">sur un sujet bien particulier choisi par un participant.<\/p>\n<p style=\"text-align: center;\">Si vous souhaitez proposer un sujet, n&rsquo;h\u00e9sitez pas.<\/p>\n<\/blockquote>\n<p>&nbsp;<\/p>\n<p>&nbsp;<\/p>\n<p>&nbsp;<\/p>\n","protected":false},"excerpt":{"rendered":"<p>Prochaine s\u00e9ance du club photo : le 28 septembre de 12h30 \u00e0 14h00 Vous \u00eates tous les bienvenus pour cette s\u00e9ance sp\u00e9ciale Automne. Pas besoin d&rsquo;avoir particip\u00e9 \u00e0 une des s\u00e9ances de l&rsquo;ann\u00e9e derni\u00e8re !<\/p>\n","protected":false},"author":1,"featured_media":0,"comment_status":"open","ping_status":"closed","sticky":false,"template":"","format":"standard","meta":{"footnotes":""},"categories":[38],"tags":[],"class_list":["post-1238","post","type-post","status-publish","format-standard","hentry","category-archives"],"_links":{"self":[{"href":"https:\/\/www.amicale-aeap.fr\/word\/wp-json\/wp\/v2\/posts\/1238","targetHints":{"allow":["GET"]}}],"collection":[{"href":"https:\/\/www.amicale-aeap.fr\/word\/wp-json\/wp\/v2\/posts"}],"about":[{"href":"https:\/\/www.amicale-aeap.fr\/word\/wp-json\/wp\/v2\/types\/post"}],"author":[{"embeddable":true,"href":"https:\/\/www.amicale-aeap.fr\/word\/wp-json\/wp\/v2\/users\/1"}],"replies":[{"embeddable":true,"href":"https:\/\/www.amicale-aeap.fr\/word\/wp-json\/wp\/v2\/comments?post=1238"}],"version-history":[{"count":4,"href":"https:\/\/www.amicale-aeap.fr\/word\/wp-json\/wp\/v2\/posts\/1238\/revisions"}],"predecessor-version":[{"id":2753,"href":"https:\/\/www.amicale-aeap.fr\/word\/wp-json\/wp\/v2\/posts\/1238\/revisions\/2753"}],"wp:attachment":[{"href":"https:\/\/www.amicale-aeap.fr\/word\/wp-json\/wp\/v2\/media?parent=1238"}],"wp:term":[{"taxonomy":"category","embeddable":true,"href":"https:\/\/www.amicale-aeap.fr\/word\/wp-json\/wp\/v2\/categories?post=1238"},{"taxonomy":"post_tag","embeddable":true,"href":"https:\/\/www.amicale-aeap.fr\/word\/wp-json\/wp\/v2\/tags?post=1238"}],"curies":[{"name":"wp","href":"https:\/\/api.w.org\/{rel}","templated":true}]}}