{"id":1222,"date":"2011-09-20T13:15:05","date_gmt":"2011-09-20T12:15:05","guid":{"rendered":"http:\/\/www.amicale-aeap.fr\/word\/?p=1222"},"modified":"2011-09-21T16:03:58","modified_gmt":"2011-09-21T15:03:58","slug":"concours-photo-le-vrai-visage-des-vacances","status":"publish","type":"post","link":"https:\/\/www.amicale-aeap.fr\/word\/2011\/09\/20\/concours-photo-le-vrai-visage-des-vacances\/","title":{"rendered":"Concours photo : le vrai visage des vacances"},"content":{"rendered":"<p><a href=\"http:\/\/www.amicale-aeap.fr\/word\/wp-content\/uploads\/2011\/06\/palmier-cocotier-plage-mer-sable.jpg\"><img loading=\"lazy\" decoding=\"async\" class=\"alignleft size-thumbnail wp-image-1129\" title=\"Cocotiers\" src=\"http:\/\/www.amicale-aeap.fr\/word\/wp-content\/uploads\/2011\/06\/palmier-cocotier-plage-mer-sable-150x150.jpg\" alt=\"\" width=\"150\" height=\"150\" \/><\/a>Les vacances sont termin\u00e9es pour la plupart d&rsquo;entre nous. Nous esp\u00e9rons que vous avez pu faire de belles photographies &#8230; et que vous pourrez tous participer au grand concours photo des 40 ans de l&rsquo;amicale.<!--more--><\/p>\n<p>Envoyez-nous vos photos sur le th\u00e8me :<\/p>\n<h1><span style=\"color: #3366ff;\"><strong>Le vrai visage des vacances !<\/strong><\/span><\/h1>\n<p><strong>Rappel : <\/strong><\/p>\n<ul>\n<li>Tout agent ou amicaliste ou ayant-droit (au sens de l\u2019amicale) de l\u2019agent\/amicaliste peut participer en proposant une photo.<\/li>\n<li>Chaque participation rapporte un point \u00e0 l\u2019\u00e9quipe du participant.<\/li>\n<li>Trois cat\u00e9gories : adultes, ados (12 \u00e0 18 ans), enfants (0 \u00e0 12 ans).<\/li>\n<\/ul>\n<p><strong>Comment proposer votre photo ? <\/strong><\/p>\n<p>La photo sera fournie\u00a0 au format num\u00e9rique (jpg), de  pr\u00e9f\u00e9rence au moins 3 millions de pixels (2048 * 1536). \u00a0 La photo pourra  \u00eatre titr\u00e9e. Vous pouvez l&rsquo;envoyer via <a title=\"Module de chargement des photos\" href=\"http:\/\/www.amicale-aeap.fr\/word\/2011\/module-de-chargement-des-photos\/\">le module de chargement de photos<\/a>. Une seule participation par personne, la derni\u00e8re photo propos\u00e9e \u00e9tant la bonne (au cas o\u00f9 vous vous trompiez).<\/p>\n<p>La date limite de retour des photos est fix\u00e9e <strong>au 19 octobre. <\/strong><\/p>\n<p><strong>Comment seront d\u00e9sign\u00e9s les gagnants ? <\/strong><\/p>\n<p>Les photos seront propos\u00e9es anonymement \u00e0 l&rsquo;\u00e9valuation de tous :<\/p>\n<ul>\n<li>sur le site web dans une galerie photo<\/li>\n<li>sous forme de trois livres photos consultables \u00e0 la cafet&rsquo; \u00e0 Douai, Boulogne et Amiens.<\/li>\n<\/ul>\n<p>Chaque photo sera num\u00e9rot\u00e9e et nous vous demanderons \u00e0 tous de  choisir  votre photo pr\u00e9f\u00e9r\u00e9e dans chaque cat\u00e9gorie. Le bulletin de vote  sera  fourni en octobre.<\/p>\n<p>&nbsp;<\/p>\n<p>&nbsp;<\/p>\n<p>&nbsp;<\/p>\n","protected":false},"excerpt":{"rendered":"<p>Les vacances sont termin\u00e9es pour la plupart d&rsquo;entre nous. Nous esp\u00e9rons que vous avez pu faire de belles photographies &#8230; et que vous pourrez tous participer au grand concours photo des 40 ans de l&rsquo;amicale.<\/p>\n","protected":false},"author":1,"featured_media":0,"comment_status":"open","ping_status":"closed","sticky":false,"template":"","format":"standard","meta":{"footnotes":""},"categories":[7],"tags":[],"class_list":["post-1222","post","type-post","status-publish","format-standard","hentry","category-40ans"],"_links":{"self":[{"href":"https:\/\/www.amicale-aeap.fr\/word\/wp-json\/wp\/v2\/posts\/1222","targetHints":{"allow":["GET"]}}],"collection":[{"href":"https:\/\/www.amicale-aeap.fr\/word\/wp-json\/wp\/v2\/posts"}],"about":[{"href":"https:\/\/www.amicale-aeap.fr\/word\/wp-json\/wp\/v2\/types\/post"}],"author":[{"embeddable":true,"href":"https:\/\/www.amicale-aeap.fr\/word\/wp-json\/wp\/v2\/users\/1"}],"replies":[{"embeddable":true,"href":"https:\/\/www.amicale-aeap.fr\/word\/wp-json\/wp\/v2\/comments?post=1222"}],"version-history":[{"count":9,"href":"https:\/\/www.amicale-aeap.fr\/word\/wp-json\/wp\/v2\/posts\/1222\/revisions"}],"predecessor-version":[{"id":1280,"href":"https:\/\/www.amicale-aeap.fr\/word\/wp-json\/wp\/v2\/posts\/1222\/revisions\/1280"}],"wp:attachment":[{"href":"https:\/\/www.amicale-aeap.fr\/word\/wp-json\/wp\/v2\/media?parent=1222"}],"wp:term":[{"taxonomy":"category","embeddable":true,"href":"https:\/\/www.amicale-aeap.fr\/word\/wp-json\/wp\/v2\/categories?post=1222"},{"taxonomy":"post_tag","embeddable":true,"href":"https:\/\/www.amicale-aeap.fr\/word\/wp-json\/wp\/v2\/tags?post=1222"}],"curies":[{"name":"wp","href":"https:\/\/api.w.org\/{rel}","templated":true}]}}