{"id":1196,"date":"2011-09-12T13:26:38","date_gmt":"2011-09-12T12:26:38","guid":{"rendered":"http:\/\/www.amicale-aeap.fr\/word\/?p=1196"},"modified":"2012-10-09T10:20:08","modified_gmt":"2012-10-09T09:20:08","slug":"le-club-photo-version-2011","status":"publish","type":"post","link":"https:\/\/www.amicale-aeap.fr\/word\/2011\/09\/12\/le-club-photo-version-2011\/","title":{"rendered":"Le club photo, version 2011"},"content":{"rendered":"<p><a href=\"http:\/\/www.amicale-aeap.fr\/word\/wp-content\/uploads\/2011\/08\/photo_appareil_photo_2.jpg\"><img loading=\"lazy\" decoding=\"async\" class=\"alignleft size-thumbnail wp-image-1182\" title=\"photo_appareil_photo_2\" src=\"http:\/\/www.amicale-aeap.fr\/word\/wp-content\/uploads\/2011\/08\/photo_appareil_photo_2-150x150.jpg\" alt=\"\" width=\"150\" height=\"150\" srcset=\"https:\/\/www.amicale-aeap.fr\/word\/wp-content\/uploads\/2011\/08\/photo_appareil_photo_2-150x150.jpg 150w, https:\/\/www.amicale-aeap.fr\/word\/wp-content\/uploads\/2011\/08\/photo_appareil_photo_2-300x300.jpg 300w, https:\/\/www.amicale-aeap.fr\/word\/wp-content\/uploads\/2011\/08\/photo_appareil_photo_2.jpg 500w\" sizes=\"auto, (max-width: 150px) 100vw, 150px\" \/><\/a><\/p>\n<p>Suite \u00e0 la r\u00e9union du club photo de la semaine derni\u00e8re, voici le mode de fonctionnement retenu pour le moment pour le club photo 2011-2012.\u00a0 Ce mode de fonctionnement reste \u00e0 valider avec le bureau de l&rsquo;amicale, mais je le propose tout de m\u00eame pour que ce soit une d\u00e9cision participative : sous-entendu, si vous avez des suggestions, n&rsquo;h\u00e9sitez pas \u00e0 les laisser en commentaires. Si une participation au club sur un sujet vous int\u00e9resse, dites-le aussi !<\/p>\n<p><strong>Une s\u00e9ance par mois, le mercredi de 12h30 \u00e0 14h00.<\/strong><\/p>\n<p><strong><!--more--><\/strong>Le principe d\u2019animation du club photo par un photographe professionnel (C\u00e9dric Cochez) est conserv\u00e9. C\u00e9dric n&rsquo;\u00e9tant disponible que le mercredi, cela laisse peu de choix pour le jour &#8230;<\/p>\n<p><a href=\"http:\/\/www.amicale-aeap.fr\/word\/wp-content\/uploads\/2011\/02\/170452_6640.jpg\"><img loading=\"lazy\" decoding=\"async\" class=\"alignleft size-thumbnail wp-image-79\" title=\"Photographe\" src=\"http:\/\/www.amicale-aeap.fr\/word\/wp-content\/uploads\/2011\/02\/170452_6640-150x150.jpg\" alt=\"\" width=\"150\" height=\"150\" \/><\/a><\/p>\n<p>Pour chaque s\u00e9ance, un animateur de s\u00e9ance amicaliste est d\u00e9sign\u00e9. Le planning est fait en d\u00e9but d\u2019ann\u00e9e pour toute l\u2019ann\u00e9e. Les participants choisissent la s\u00e9ance qu&rsquo;ils veulent animer.<\/p>\n<p>&nbsp;<\/p>\n<p>&nbsp;<\/p>\n<p>&nbsp;<\/p>\n<p>&nbsp;<\/p>\n<p><strong>Les s\u00e9ances sont structur\u00e9es \u00e0 minima en deux temps\u00a0: <\/strong><\/p>\n<ul>\n<li><strong>Premi\u00e8re partie\u00a0:<\/strong> critique de photos prises par les participants avec mise en pratique du th\u00e8me de la s\u00e9ance pr\u00e9c\u00e9dente<\/li>\n<li><strong>Seconde partie\u00a0:<\/strong> d\u00e9veloppement par C\u00e9dric du th\u00e8me de la s\u00e9ance<\/li>\n<li><strong>Troisi\u00e8me partie\u00a0:<\/strong> possibilit\u00e9 de pr\u00e9voir un jeu photographique, pr\u00e9sentation d\u2019un photographe connu \u2026 selon le temps que prend la partie pr\u00e9c\u00e9dente. A organiser avec C\u00e9dric pour chaque s\u00e9ance.<\/li>\n<\/ul>\n<p>&nbsp;<\/p>\n<p><strong>L\u2019animateur de s\u00e9ance doit assurer les fonctions suivantes\u00a0: <\/strong><\/p>\n<ul>\n<li>Choix d\u2019un th\u00e8me au moins deux semaines avant la s\u00e9ance<\/li>\n<li>Communication du th\u00e8me \u00e0 C\u00e9dric pour que celui-ci puisse pr\u00e9parer son cours<\/li>\n<li>Communication de l\u2019ordre du jour de la s\u00e9ance aux autres participants pour que ceux-ci puissent proposer des exemples sur le th\u00e8me s\u2019ils en ont<\/li>\n<li>Collecte des photos sur le th\u00e8me pr\u00e9c\u00e9dent et le th\u00e8me actuel (il s\u2019agit de rappeler aux participants de mettre leurs photos dans le dossier partag\u00e9)<\/li>\n<li>R\u00e9servation de la salle, rendez-vous \u00e9lectronique \u00e0 tous les participants (et rappel de la date de la s\u00e9ance un ou deux jours avant)<\/li>\n<li>Pr\u00e9paration et installation du mat\u00e9riel\u00a0: \u00e9cran + vid\u00e9oprojecteur ou \u00e9cran d\u2019ordinateur, portable le jour J<\/li>\n<li>Animation de la s\u00e9ance (respect de la montre)<\/li>\n<\/ul>\n<p>Ci-dessous le tableau des dates et des animateurs &#8230;<\/p>\n<table border=\"1\" cellspacing=\"0\" cellpadding=\"0\">\n<tbody>\n<tr>\n<td width=\"91\" valign=\"top\">Date<\/td>\n<td width=\"216\" valign=\"top\">Animateur<\/td>\n<td width=\"307\" valign=\"top\">Email<\/td>\n<\/tr>\n<tr>\n<td width=\"91\" valign=\"top\">28\/09\/2011<\/td>\n<td width=\"216\" valign=\"top\">M\u00e9lina<\/td>\n<td width=\"307\" valign=\"top\">m.seyman@eau-artois-picardie.fr<\/td>\n<\/tr>\n<tr>\n<td width=\"91\" valign=\"top\">19\/10\/2011<\/td>\n<td width=\"216\" valign=\"top\">Lo\u00efg<\/td>\n<td width=\"307\" valign=\"top\"><a href=\"mailto:l.meteron@eau-artois-picardie.fr\">l.meteron@eau-artois-picardie.fr<\/a><\/td>\n<\/tr>\n<tr>\n<td width=\"91\" valign=\"top\">30\/11\/2011<\/td>\n<td width=\"216\" valign=\"top\">Yvonnick<\/td>\n<td width=\"307\" valign=\"top\">y.bigot@eau-artois-picardie.fr<\/td>\n<\/tr>\n<tr>\n<td width=\"91\" valign=\"top\">14\/12\/2011<\/td>\n<td width=\"216\" valign=\"top\">C\u00e9cile<\/td>\n<td width=\"307\" valign=\"top\">c.gallian@eau-artois-picardie.fr<\/td>\n<\/tr>\n<tr>\n<td width=\"91\" valign=\"top\">25\/01\/2012<\/td>\n<td width=\"216\" valign=\"top\">Florent<\/td>\n<td width=\"307\" valign=\"top\"><\/td>\n<\/tr>\n<tr>\n<td width=\"91\" valign=\"top\">22\/02\/2012<\/td>\n<td width=\"216\" valign=\"top\"><\/td>\n<td width=\"307\" valign=\"top\"><\/td>\n<\/tr>\n<tr>\n<td width=\"91\" valign=\"top\">28\/03\/2012<\/td>\n<td width=\"216\" valign=\"top\"><\/td>\n<td width=\"307\" valign=\"top\"><\/td>\n<\/tr>\n<tr>\n<td width=\"91\" valign=\"top\">18\/04\/2012<\/td>\n<td width=\"216\" valign=\"top\"><\/td>\n<td width=\"307\" valign=\"top\"><\/td>\n<\/tr>\n<tr>\n<td width=\"91\" valign=\"top\">30\/05\/2012<\/td>\n<td width=\"216\" valign=\"top\"><\/td>\n<td width=\"307\" valign=\"top\"><\/td>\n<\/tr>\n<tr>\n<td width=\"91\" valign=\"top\">27\/06\/2012<\/td>\n<td width=\"216\" valign=\"top\"><\/td>\n<td width=\"307\" valign=\"top\"><\/td>\n<\/tr>\n<\/tbody>\n<\/table>\n<p>&nbsp;<\/p>\n<p><strong>Id\u00e9es de th\u00e8me\u00a0: <\/strong><\/p>\n<p>Si vous manquez d\u2019inspiration, vous pouvez trouver des id\u00e9es de th\u00e8mes dans le carton de revues photos qui se trouvent dans le bureau de M\u00e9lina (bureau 412).<\/p>\n<p><strong>Coordonn\u00e9es de C\u00e9dric : <\/strong><\/p>\n<p>cedric_cochez@hotmail.com<\/p>\n<p><span style=\"font-size: small;\">06-99-66-44-17<\/span><\/p>\n<p>&nbsp;<\/p>\n","protected":false},"excerpt":{"rendered":"<p>Suite \u00e0 la r\u00e9union du club photo de la semaine derni\u00e8re, voici le mode de fonctionnement retenu pour le moment pour le club photo 2011-2012.\u00a0 Ce mode de fonctionnement reste \u00e0 valider avec le bureau de l&rsquo;amicale, mais je le propose tout de m\u00eame pour que ce soit une d\u00e9cision [&hellip;]<\/p>\n","protected":false},"author":1,"featured_media":0,"comment_status":"open","ping_status":"closed","sticky":false,"template":"","format":"standard","meta":{"footnotes":""},"categories":[38],"tags":[],"class_list":["post-1196","post","type-post","status-publish","format-standard","hentry","category-archives"],"_links":{"self":[{"href":"https:\/\/www.amicale-aeap.fr\/word\/wp-json\/wp\/v2\/posts\/1196","targetHints":{"allow":["GET"]}}],"collection":[{"href":"https:\/\/www.amicale-aeap.fr\/word\/wp-json\/wp\/v2\/posts"}],"about":[{"href":"https:\/\/www.amicale-aeap.fr\/word\/wp-json\/wp\/v2\/types\/post"}],"author":[{"embeddable":true,"href":"https:\/\/www.amicale-aeap.fr\/word\/wp-json\/wp\/v2\/users\/1"}],"replies":[{"embeddable":true,"href":"https:\/\/www.amicale-aeap.fr\/word\/wp-json\/wp\/v2\/comments?post=1196"}],"version-history":[{"count":15,"href":"https:\/\/www.amicale-aeap.fr\/word\/wp-json\/wp\/v2\/posts\/1196\/revisions"}],"predecessor-version":[{"id":2754,"href":"https:\/\/www.amicale-aeap.fr\/word\/wp-json\/wp\/v2\/posts\/1196\/revisions\/2754"}],"wp:attachment":[{"href":"https:\/\/www.amicale-aeap.fr\/word\/wp-json\/wp\/v2\/media?parent=1196"}],"wp:term":[{"taxonomy":"category","embeddable":true,"href":"https:\/\/www.amicale-aeap.fr\/word\/wp-json\/wp\/v2\/categories?post=1196"},{"taxonomy":"post_tag","embeddable":true,"href":"https:\/\/www.amicale-aeap.fr\/word\/wp-json\/wp\/v2\/tags?post=1196"}],"curies":[{"name":"wp","href":"https:\/\/api.w.org\/{rel}","templated":true}]}}