{"id":1185,"date":"2011-08-30T12:13:05","date_gmt":"2011-08-30T11:13:05","guid":{"rendered":"http:\/\/www.amicale-aeap.fr\/word\/?p=1185"},"modified":"2011-08-30T12:13:05","modified_gmt":"2011-08-30T11:13:05","slug":"journees-europeennes-du-patrimoine-loos-en-gohelle","status":"publish","type":"post","link":"https:\/\/www.amicale-aeap.fr\/word\/2011\/08\/30\/journees-europeennes-du-patrimoine-loos-en-gohelle\/","title":{"rendered":"Journ\u00e9es Europ\u00e9ennes du Patrimoine &#8211; Loos en Gohelle"},"content":{"rendered":"<p><strong>Sur les terrils de la Base 11\/19, <\/strong><strong> ballade nature, artistique, spectacle et pour clore une journ\u00e9e bien remplie, balloche!<br \/>\n<\/strong><\/p>\n<p>Les samedi 17 et dimanche 18 septembre 2011, r\u00e9servation au 03.21.142.555.<\/p>\n<ul>\n<li><strong>CONTRE NATURE &#8211; Collectif Tricyclique Dol<\/strong><\/li>\n<\/ul>\n<p>Sam. 17 et dim. 18 septembre 2011 de 14h33 \u00e0 19h33<\/p>\n<p>Promenez-vous \u00e0 votre rythme\u2026<\/p>\n<p>Contre Nature joue avec le paysage et avec notre capacit\u00e9 d\u2019attention et d\u2019\u00e9coute.<\/p>\n<p>Des anomalies habitent les terrils du 11\/19. Au gr\u00e9 de votre promenade, prenez vous au jeu de les rep\u00e9rer\u2026 de d\u00e9m\u00ealer le vrai du faux ; le naturel, de l\u2019artificiel ; la vision, de l\u2019illusion\u2026<\/p>\n<ul>\n<li><strong>LA B.O.M.B. BRIGADE DE L\u2019ORGANISATION MONDIALE DU BONHEUR &#8211; <\/strong><strong>Cie La Valise<\/strong><strong> <\/strong><\/li>\n<\/ul>\n<p>Sam. 17 et dim. 18 septembre 2011 \u00e0 10h, 14h, 16h, 18h<\/p>\n<p>Dur\u00e9e : environ 1h30<\/p>\n<p>Arm\u00e9s de leurs cycloroulants, de quelques menus objets et de leurs th\u00e9ories circonvolutives, les experts de la BOMB s&rsquo;engagent \u00e0 mettre \u00e0 votre service leurs R\u00e9flexions, Exp\u00e9rimentations et Installations minimalistes, pour vous permettre un acc\u00e8s rapide, intense et durable au Bonheur.<\/p>\n<ul>\n<li><strong>LA BRIQUE &#8211; <\/strong><strong>Guy Alloucherie (Cie Hendrick Van Der Zee)<\/strong><strong> <\/strong><\/li>\n<\/ul>\n<p>Sam. 17 septembre 2011\u00e0 13h40, 15h40, 17h40, 19h40<\/p>\n<p>Dim. 18 septembre 2011 \u00e0 13h40, 15h40,17h40, 19h40<\/p>\n<p>Dur\u00e9e : environ 15 min<\/p>\n<ul>\n<li><strong>LA PREMIATA ORCHESTRA DI BALLO \u2013 \u00a0Les Barbarins Fourchus<\/strong><\/li>\n<\/ul>\n<p>Sam. 17 septembre 2011, \u00e0 20h30<\/p>\n<p>Dur\u00e9e\u00a0: 3h30<\/p>\n<p><a href=\"http:\/\/www.dailymotion.com\/video\/x532ab_premiata_music\">http:\/\/www.dailymotion.com\/video\/x532ab_premiata_music<\/a><\/p>\n<p>L&rsquo;orchestre de bal des Barbarins Fourchus, permet \u00e0 un large public \u00ab toutes g\u00e9n\u00e9rations confondues \u00bb de se retrouver pour pr\u00e8s de quatre heures de musique et de danse : de la polka \u00e0 la valse, de la mazurka au rock&rsquo;n roll, du slow au ragga, de la bossa au disco russe&#8230;<\/p>\n<p>La Premiata est depuis 1924, l&rsquo;orchestre le plus prim\u00e9 de tous les concours de bals internationaux car il offre aussi des styles impossibles que l&rsquo;on n&rsquo;imagine m\u00eame pas ! Tout cela dans une ambiance \u00e9tudi\u00e9e et vraiment conviviale. Ce bal n&rsquo;est donc pas un \u00ab\u00a0baluche\u00a0\u00bb traditionnel mais un fort moment humain particuli\u00e8rement dr\u00f4le, au croisement de la danse, de la musique et du \u00ab\u00a0show\u00a0\u00bb. Vous pourrez lors d&rsquo;une soir\u00e9e avec la Premiata apprendre le tango, d\u00e9couvrir de nouvelles danses inconnues \u00e0 ce jour ou bien simplement rencontrer la femme ou l&rsquo;homme de votre vie lors d&rsquo;un slow torride ou d&rsquo;un rock\u2019n\u2019roll endiabl\u00e9.<\/p>\n<p>Un concours de danse ouvert \u00e0 tous et \u00e0 toutes vous permettra de gagner la \u00ab chaussure d&rsquo;or \u00bb d\u00e9cern\u00e9e au meilleur couple de la soir\u00e9e ainsi que bien d&rsquo;autres prix tous aussi inutiles que merveilleux&#8230;<\/p>\n<ul>\n<li><strong>FILAMENTS &#8211; <\/strong><strong>Cie IKB<\/strong><strong> <\/strong><\/li>\n<\/ul>\n<p>Sam. 17 septembre de 14h \u00e0 19h30<\/p>\n<p>Dim. 18 septembre de 12h \u00e0 19h30<\/p>\n<p>Installation plastique\u2026<\/p>\n<ul>\n<li>Le <strong>CPIE Cha\u00eene des Terrils<\/strong> vous propose une <strong>randonn\u00e9e-d\u00e9couverte<\/strong> au d\u00e9part de la Base 11\/19. Cette promenade est orient\u00e9e sur la richesse de la faune et la flore qui colonisent petit \u00e0 petit ces montagnes que l\u2019on croyait st\u00e9riles. La reconqu\u00eate de ces friches par la nature s\u2019explique de plusieurs fa\u00e7ons : la proximit\u00e9 des jardins, les migrations des oiseaux, les importations d\u2019esp\u00e8ces dans la r\u00e9gion, la sp\u00e9cificit\u00e9 du milieu naturel que repr\u00e9sente le terril\u2026<\/li>\n<\/ul>\n<p>Samedi 17 et dimanche 18 septembre 2011 \u00e0 9h30 et 14h30<\/p>\n<p>Renseignements et r\u00e9servations : 03 21 28 17 28<\/p>\n<p>&nbsp;<\/p>\n<p><strong><br \/>\n<\/strong><\/p>\n<p><strong><br \/>\n<\/strong><\/p>\n","protected":false},"excerpt":{"rendered":"<p>Sur les terrils de la Base 11\/19, ballade nature, artistique, spectacle et pour clore une journ\u00e9e bien remplie, balloche! Les samedi 17 et dimanche 18 septembre 2011, r\u00e9servation au 03.21.142.555. CONTRE NATURE &#8211; Collectif Tricyclique Dol Sam. 17 et dim. 18 septembre 2011 de 14h33 \u00e0 19h33 Promenez-vous \u00e0 votre [&hellip;]<\/p>\n","protected":false},"author":156,"featured_media":0,"comment_status":"open","ping_status":"closed","sticky":false,"template":"","format":"standard","meta":{"footnotes":""},"categories":[28],"tags":[],"class_list":["post-1185","post","type-post","status-publish","format-standard","hentry","category-bons-plans"],"_links":{"self":[{"href":"https:\/\/www.amicale-aeap.fr\/word\/wp-json\/wp\/v2\/posts\/1185","targetHints":{"allow":["GET"]}}],"collection":[{"href":"https:\/\/www.amicale-aeap.fr\/word\/wp-json\/wp\/v2\/posts"}],"about":[{"href":"https:\/\/www.amicale-aeap.fr\/word\/wp-json\/wp\/v2\/types\/post"}],"author":[{"embeddable":true,"href":"https:\/\/www.amicale-aeap.fr\/word\/wp-json\/wp\/v2\/users\/156"}],"replies":[{"embeddable":true,"href":"https:\/\/www.amicale-aeap.fr\/word\/wp-json\/wp\/v2\/comments?post=1185"}],"version-history":[{"count":5,"href":"https:\/\/www.amicale-aeap.fr\/word\/wp-json\/wp\/v2\/posts\/1185\/revisions"}],"predecessor-version":[{"id":1191,"href":"https:\/\/www.amicale-aeap.fr\/word\/wp-json\/wp\/v2\/posts\/1185\/revisions\/1191"}],"wp:attachment":[{"href":"https:\/\/www.amicale-aeap.fr\/word\/wp-json\/wp\/v2\/media?parent=1185"}],"wp:term":[{"taxonomy":"category","embeddable":true,"href":"https:\/\/www.amicale-aeap.fr\/word\/wp-json\/wp\/v2\/categories?post=1185"},{"taxonomy":"post_tag","embeddable":true,"href":"https:\/\/www.amicale-aeap.fr\/word\/wp-json\/wp\/v2\/tags?post=1185"}],"curies":[{"name":"wp","href":"https:\/\/api.w.org\/{rel}","templated":true}]}}