{"id":1181,"date":"2011-08-22T16:11:31","date_gmt":"2011-08-22T15:11:31","guid":{"rendered":"http:\/\/www.amicale-aeap.fr\/word\/?p=1181"},"modified":"2011-08-22T16:11:31","modified_gmt":"2011-08-22T15:11:31","slug":"reunion-de-rentree-du-club-photo","status":"publish","type":"post","link":"https:\/\/www.amicale-aeap.fr\/word\/2011\/08\/22\/reunion-de-rentree-du-club-photo\/","title":{"rendered":"R\u00e9union de rentr\u00e9e du club photo"},"content":{"rendered":"<p>A noter dans vo<a href=\"http:\/\/www.amicale-aeap.fr\/word\/wp-content\/uploads\/2011\/08\/photo_appareil_photo_2.jpg\"><img loading=\"lazy\" decoding=\"async\" class=\"alignleft size-thumbnail wp-image-1182\" title=\"photo_appareil_photo_2\" src=\"http:\/\/www.amicale-aeap.fr\/word\/wp-content\/uploads\/2011\/08\/photo_appareil_photo_2-150x150.jpg\" alt=\"\" width=\"150\" height=\"150\" srcset=\"https:\/\/www.amicale-aeap.fr\/word\/wp-content\/uploads\/2011\/08\/photo_appareil_photo_2-150x150.jpg 150w, https:\/\/www.amicale-aeap.fr\/word\/wp-content\/uploads\/2011\/08\/photo_appareil_photo_2-300x300.jpg 300w, https:\/\/www.amicale-aeap.fr\/word\/wp-content\/uploads\/2011\/08\/photo_appareil_photo_2.jpg 500w\" sizes=\"auto, (max-width: 150px) 100vw, 150px\" \/><\/a>s agendas :<\/p>\n<p style=\"text-align: center;\"><strong>RDV le 6 septembre <\/strong><\/p>\n<p style=\"text-align: center;\"><strong>de 12h30 \u00e0 13h30<br \/>\n<\/strong><\/p>\n<p style=\"text-align: center;\"><strong> dans la salle de l&rsquo;amicale au sous-sol<\/strong><\/p>\n<p style=\"text-align: center;\">pour la r\u00e9union de rentr\u00e9e du club photo. <!--more--><\/p>\n<p>Peuvent participer toutes les personnes int\u00e9ress\u00e9es pour une activit\u00e9 photo cette ann\u00e9e.<\/p>\n<p>Nous red\u00e9finirons ensemble de nouveaux horaires, programmes, fa\u00e7ons d&rsquo;aborder le club photo pour qu&rsquo;il corresponde au mieux aux attentes de chacun : possibilit\u00e9 d&rsquo;horaires diff\u00e9rents, de s\u00e9ances sp\u00e9ciales d\u00e9butants ou confirm\u00e9s, co-animation du club \u00e0 plusieurs &#8230;<\/p>\n<p>Venez nombreux !<\/p>\n<p>&nbsp;<\/p>\n","protected":false},"excerpt":{"rendered":"<p>A noter dans vos agendas : RDV le 6 septembre de 12h30 \u00e0 13h30 dans la salle de l&rsquo;amicale au sous-sol pour la r\u00e9union de rentr\u00e9e du club photo.<\/p>\n","protected":false},"author":1,"featured_media":0,"comment_status":"open","ping_status":"closed","sticky":false,"template":"","format":"standard","meta":{"footnotes":""},"categories":[1],"tags":[],"class_list":["post-1181","post","type-post","status-publish","format-standard","hentry","category-actus"],"_links":{"self":[{"href":"https:\/\/www.amicale-aeap.fr\/word\/wp-json\/wp\/v2\/posts\/1181","targetHints":{"allow":["GET"]}}],"collection":[{"href":"https:\/\/www.amicale-aeap.fr\/word\/wp-json\/wp\/v2\/posts"}],"about":[{"href":"https:\/\/www.amicale-aeap.fr\/word\/wp-json\/wp\/v2\/types\/post"}],"author":[{"embeddable":true,"href":"https:\/\/www.amicale-aeap.fr\/word\/wp-json\/wp\/v2\/users\/1"}],"replies":[{"embeddable":true,"href":"https:\/\/www.amicale-aeap.fr\/word\/wp-json\/wp\/v2\/comments?post=1181"}],"version-history":[{"count":1,"href":"https:\/\/www.amicale-aeap.fr\/word\/wp-json\/wp\/v2\/posts\/1181\/revisions"}],"predecessor-version":[{"id":1183,"href":"https:\/\/www.amicale-aeap.fr\/word\/wp-json\/wp\/v2\/posts\/1181\/revisions\/1183"}],"wp:attachment":[{"href":"https:\/\/www.amicale-aeap.fr\/word\/wp-json\/wp\/v2\/media?parent=1181"}],"wp:term":[{"taxonomy":"category","embeddable":true,"href":"https:\/\/www.amicale-aeap.fr\/word\/wp-json\/wp\/v2\/categories?post=1181"},{"taxonomy":"post_tag","embeddable":true,"href":"https:\/\/www.amicale-aeap.fr\/word\/wp-json\/wp\/v2\/tags?post=1181"}],"curies":[{"name":"wp","href":"https:\/\/api.w.org\/{rel}","templated":true}]}}