{"id":1124,"date":"2011-06-24T15:43:27","date_gmt":"2011-06-24T14:43:27","guid":{"rendered":"http:\/\/www.amicale-aeap.fr\/word\/?p=1124"},"modified":"2011-08-19T14:31:15","modified_gmt":"2011-08-19T13:31:15","slug":"le-concours-photo-est-lance","status":"publish","type":"post","link":"https:\/\/www.amicale-aeap.fr\/word\/2011\/06\/24\/le-concours-photo-est-lance\/","title":{"rendered":"Le concours photo est lanc\u00e9 !"},"content":{"rendered":"<p><strong> <\/strong><\/p>\n<p><strong> <\/strong><\/p>\n<p><a rel=\"attachment wp-att-1129\" href=\"http:\/\/www.amicale-aeap.fr\/word\/2011\/le-concours-photo-est-lance\/palmier-cocotier-plage-mer-sable\/\"><img loading=\"lazy\" decoding=\"async\" class=\"alignleft size-thumbnail wp-image-1129\" title=\"Cocotiers\" src=\"http:\/\/www.amicale-aeap.fr\/word\/wp-content\/uploads\/2011\/06\/palmier-cocotier-plage-mer-sable-150x150.jpg\" alt=\"\" width=\"150\" height=\"150\" \/><\/a>Bient\u00f4t les cong\u00e9s d&rsquo;\u00e9t\u00e9 ! Que vous partiez en Inde ou restiez \u00e0 Douai, ce sera le moment de changer un peu d&rsquo;atmosph\u00e8re, de bronzer sur la plage ou de randonner sur les hautes montagnes, de jardiner ou de faire ces travaux de votre cuisine qui attendent depuis si longtemps. \u00a0Dans tous les cas, nous vous souhaitons un bel \u00e9t\u00e9, lumineux \u00e0 souhait, pour que vous puissiez nous ramener de magnifiques photos. Et partager le vrai visage de vos vacances avec nous &#8230;.<\/p>\n<p>Dans le cadre du tournoi des 40 ans, voici le concours photo lanc\u00e9 sur le th\u00e8me :\u00a0 <strong>le vrai visage des vacances.<\/strong><\/p>\n<p>&nbsp;<\/p>\n<p><!--more--><strong>Les modalit\u00e9s :<\/strong><\/p>\n<p>Le th\u00e8me : le vrai visage des vacances.<\/p>\n<p>Tout agent ou amicaliste ou ayant-droit (au sens de l&rsquo;amicale) de l&rsquo;agent\/amicaliste peut participer en proposant une photo.<\/p>\n<p>Chaque participation rapporte un point \u00e0 l&rsquo;\u00e9quipe du participant.<\/p>\n<p>Trois cat\u00e9gories : adultes, ados (12 \u00e0 18 ans), enfants (0 \u00e0 12 ans).<\/p>\n<p>La photo sera fournie \u00a0obligatoirement au format num\u00e9rique (jpg), de pr\u00e9f\u00e9rence au moins 3 millions de pixels (2048 * 1536). \u00a0Un module de chargement des photos sera mis en place d&rsquo;ici l&rsquo;automne. La photo pourra \u00eatre titr\u00e9e.<\/p>\n<p>La photo sera peut-\u00eatre \u00e0 fournir au format papier \u00e9galement, les modalit\u00e9s et formats restent \u00e0 d\u00e9finir &#8230; nous vous tiendrons inform\u00e9s d\u00e8s que possible. Nous aimerions assez faire un album photos avec toutes ces photos.<\/p>\n<p>La date limite de retour des photos est fix\u00e9e en octobre. Plus de pr\u00e9cisions d\u00e8s que possible aussi !<\/p>\n<p>Mais en attendant, vous \u00eates pr\u00e9venus, vous pouvez partir en cong\u00e9 avec un oeil sur l&rsquo;objectif et l&rsquo;autre sur les sujets possibles.<\/p>\n<p>&nbsp;<\/p>\n<p>&nbsp;<\/p>\n<p>&nbsp;<\/p>\n","protected":false},"excerpt":{"rendered":"<p>Bient\u00f4t les cong\u00e9s d&rsquo;\u00e9t\u00e9 ! Que vous partiez en Inde ou restiez \u00e0 Douai, ce sera le moment de changer un peu d&rsquo;atmosph\u00e8re, de bronzer sur la plage ou de randonner sur les hautes montagnes, de jardiner ou de faire ces travaux de votre cuisine qui attendent depuis si longtemps. [&hellip;]<\/p>\n","protected":false},"author":1,"featured_media":0,"comment_status":"open","ping_status":"closed","sticky":false,"template":"","format":"standard","meta":{"footnotes":""},"categories":[1],"tags":[],"class_list":["post-1124","post","type-post","status-publish","format-standard","hentry","category-actus"],"_links":{"self":[{"href":"https:\/\/www.amicale-aeap.fr\/word\/wp-json\/wp\/v2\/posts\/1124","targetHints":{"allow":["GET"]}}],"collection":[{"href":"https:\/\/www.amicale-aeap.fr\/word\/wp-json\/wp\/v2\/posts"}],"about":[{"href":"https:\/\/www.amicale-aeap.fr\/word\/wp-json\/wp\/v2\/types\/post"}],"author":[{"embeddable":true,"href":"https:\/\/www.amicale-aeap.fr\/word\/wp-json\/wp\/v2\/users\/1"}],"replies":[{"embeddable":true,"href":"https:\/\/www.amicale-aeap.fr\/word\/wp-json\/wp\/v2\/comments?post=1124"}],"version-history":[{"count":18,"href":"https:\/\/www.amicale-aeap.fr\/word\/wp-json\/wp\/v2\/posts\/1124\/revisions"}],"predecessor-version":[{"id":1136,"href":"https:\/\/www.amicale-aeap.fr\/word\/wp-json\/wp\/v2\/posts\/1124\/revisions\/1136"}],"wp:attachment":[{"href":"https:\/\/www.amicale-aeap.fr\/word\/wp-json\/wp\/v2\/media?parent=1124"}],"wp:term":[{"taxonomy":"category","embeddable":true,"href":"https:\/\/www.amicale-aeap.fr\/word\/wp-json\/wp\/v2\/categories?post=1124"},{"taxonomy":"post_tag","embeddable":true,"href":"https:\/\/www.amicale-aeap.fr\/word\/wp-json\/wp\/v2\/tags?post=1124"}],"curies":[{"name":"wp","href":"https:\/\/api.w.org\/{rel}","templated":true}]}}