{"id":1054,"date":"2011-06-23T19:04:53","date_gmt":"2011-06-23T18:04:53","guid":{"rendered":"http:\/\/www.amicale-aeap.fr\/word\/?p=1054"},"modified":"2011-09-20T21:46:45","modified_gmt":"2011-09-20T20:46:45","slug":"nos-amicalistes-ont-du-talent","status":"publish","type":"post","link":"https:\/\/www.amicale-aeap.fr\/word\/2011\/06\/23\/nos-amicalistes-ont-du-talent\/","title":{"rendered":"Nos amicalistes ont du talent !"},"content":{"rendered":"<p>Merci \u00e0 tous ceux qui ont bien voulu nous confier leurs \u0153uvres : le r\u00e9sultat a d\u00e9pass\u00e9 notre attente et la salle du parc d\u2019Olhain \u00e9tait pleine de couleurs-<\/p>\n<p>De la peinture \u00e0 l\u2019huile au pastel, en passant par l\u2019acrylique, le dessin d\u2019enfant, l\u2019\u0153uvre sur carton, nous nous sommes r\u00e9gal\u00e9s de vos travaux et comptons bien vous en faire profiter ce d\u00e9but d\u2019\u00e9t\u00e9 au niveau de la caf\u00e9t\u00e9ria\u2026.<\/p>\n<p>Un bravo tout sp\u00e9cial \u00e0 M\u00e9lina et Marie France, dont c\u2019\u00e9tait le premier coup de pinceau jet\u00e9 sur une toile : des d\u00e9buts prometteurs !<\/p>\n<p>Du c\u00f4t\u00e9 des enfants, le choix a \u00e9t\u00e9 difficile et chaque participant m\u00e9rite un grand bravo. Apparemment, Lilou et Titouan Rymek ont h\u00e9rit\u00e9 des talents de la maman du c\u00f4t\u00e9 de la peinture !<\/p>\n<p>Vous qui avez particip\u00e9 \u00e0 cette expo, vous apportez donc un point suppl\u00e9mentaire \u00e0 votre \u00e9quipe; les laur\u00e9ats contribuent \u00e0 l\u2019am\u00e9lioration du score \u00e0 hauteur de 15,10 et 5 points.<\/p>\n<p><strong>D\u2019Art D\u2019Art : les r\u00e9sultats<\/strong><\/p>\n<p><strong><em>Laur\u00e9ats enfants <\/em><\/strong><\/p>\n<p><a rel=\"attachment wp-att-1064\" href=\"http:\/\/www.amicale-aeap.fr\/word\/2011\/nos-amicalistes-ont-du-talent\/tableau_5-3\/\"><img loading=\"lazy\" decoding=\"async\" class=\"alignnone size-thumbnail wp-image-1064\" title=\"tableau_5\" src=\"http:\/\/www.amicale-aeap.fr\/word\/wp-content\/uploads\/2011\/06\/tableau_52-150x150.jpg\" alt=\"\" width=\"150\" height=\"150\" \/><\/a> <a rel=\"attachment wp-att-1065\" href=\"http:\/\/www.amicale-aeap.fr\/word\/2011\/nos-amicalistes-ont-du-talent\/tableau_6-2\/\"><img loading=\"lazy\" decoding=\"async\" class=\"alignnone size-thumbnail wp-image-1065\" title=\"tableau_6\" src=\"http:\/\/www.amicale-aeap.fr\/word\/wp-content\/uploads\/2011\/06\/tableau_61-150x150.jpg\" alt=\"\" width=\"150\" height=\"150\" srcset=\"https:\/\/www.amicale-aeap.fr\/word\/wp-content\/uploads\/2011\/06\/tableau_61-150x150.jpg 150w, https:\/\/www.amicale-aeap.fr\/word\/wp-content\/uploads\/2011\/06\/tableau_61-300x300.jpg 300w, https:\/\/www.amicale-aeap.fr\/word\/wp-content\/uploads\/2011\/06\/tableau_61-1024x1020.jpg 1024w\" sizes=\"auto, (max-width: 150px) 100vw, 150px\" \/><\/a><a rel=\"attachment wp-att-1066\" href=\"http:\/\/www.amicale-aeap.fr\/word\/2011\/nos-amicalistes-ont-du-talent\/tableau_7-2\/\"><img loading=\"lazy\" decoding=\"async\" class=\"alignnone size-thumbnail wp-image-1066\" title=\"tableau_7\" src=\"http:\/\/www.amicale-aeap.fr\/word\/wp-content\/uploads\/2011\/06\/tableau_71-150x150.jpg\" alt=\"\" width=\"150\" height=\"150\" \/><\/a><\/p>\n<p>1er prix Lilou Rymek\u00a0\u00a0\u00a0\u00a0\u00a0\u00a0\u00a0\u00a0\u00a0\u00a0\u00a0\u00a0\u00a0\u00a0 \u00a0\u00a0\u00a0\u00a0 2\u00e8me prix Titouan Rymek\u00a0\u00a0\u00a0\u00a0\u00a0\u00a0\u00a0\u00a0\u00a0\u00a0\u00a0\u00a0\u00a0\u00a0\u00a03\u00e8me prix Charlotte Menu<\/p>\n<p><strong><em>Laur\u00e9ats adultes<\/em><\/strong><\/p>\n<p><em><a rel=\"attachment wp-att-1055\" href=\"http:\/\/www.amicale-aeap.fr\/word\/2011\/nos-amicalistes-ont-du-talent\/tableau_1\/\"><img loading=\"lazy\" decoding=\"async\" class=\"alignnone size-thumbnail wp-image-1055\" title=\"tableau_1\" src=\"http:\/\/www.amicale-aeap.fr\/word\/wp-content\/uploads\/2011\/06\/tableau_1-150x150.jpg\" alt=\"\" width=\"150\" height=\"150\" \/><\/a><a rel=\"attachment wp-att-1056\" href=\"http:\/\/www.amicale-aeap.fr\/word\/2011\/nos-amicalistes-ont-du-talent\/tableau_2\/\"><img loading=\"lazy\" decoding=\"async\" class=\"alignnone size-thumbnail wp-image-1056\" title=\"tableau_2\" src=\"http:\/\/www.amicale-aeap.fr\/word\/wp-content\/uploads\/2011\/06\/tableau_2-150x150.jpg\" alt=\"\" width=\"150\" height=\"150\" \/><\/a><a rel=\"attachment wp-att-1097\" href=\"http:\/\/www.amicale-aeap.fr\/word\/2011\/nos-amicalistes-ont-du-talent\/tableau_3\/\"><img loading=\"lazy\" decoding=\"async\" class=\"alignnone size-thumbnail wp-image-1097\" title=\"tableau_3\" src=\"http:\/\/www.amicale-aeap.fr\/word\/wp-content\/uploads\/2011\/06\/tableau_3-150x150.jpg\" alt=\"\" width=\"150\" height=\"150\" \/><\/a><a rel=\"attachment wp-att-1059\" href=\"http:\/\/www.amicale-aeap.fr\/word\/?attachment_id=1059\"><\/a><\/em><\/p>\n<p>1er prix Nadine Coudou\u00a0\u00a0\u00a0\u00a0\u00a0\u00a0\u00a0\u00a0\u00a0\u00a0 \u00a0 2\u00e8me prix M\u00e9lina Seyman\u00a0\u00a0\u00a0\u00a0\u00a0\u00a0 3\u00e8me prix Marie-France Plateau<\/p>\n<p>En ajoutant les points de participation\u00a0(23 personnes ont\u00a0pr\u00e9sent\u00e9 un tableau)\u00a0les scores sont les suivants :<\/p>\n<p>1er\u00a0La Goutte d&rsquo;eau\u00a0:\u00a034 points<\/p>\n<p>2\u00e8me Le Chat l&rsquo;heureux\u00a0: 32 points<\/p>\n<p>3\u00e8me Secours populaire :\u00a09 points<\/p>\n<p>4\u00e8me\u00a0Handi&rsquo;chiens :\u00a06 points<\/p>\n<p>5\u00e8me AFM FLO\u00a0bleu 21 :\u00a04 points<\/p>\n<p><a href=\"http:\/\/www.amicale-aeap.fr\/word\/wp-content\/uploads\/2011\/06\/calssement-expo-peinture.pdf\">Pour plus de d\u00e9tails<\/a><\/p>\n","protected":false},"excerpt":{"rendered":"<p>Merci \u00e0 tous ceux qui ont bien voulu nous confier leurs \u0153uvres : le r\u00e9sultat a d\u00e9pass\u00e9 notre attente et la salle du parc d\u2019Olhain \u00e9tait pleine de couleurs- De la peinture \u00e0 l\u2019huile au pastel, en passant par l\u2019acrylique, le dessin d\u2019enfant, l\u2019\u0153uvre sur carton, nous nous sommes r\u00e9gal\u00e9s [&hellip;]<\/p>\n","protected":false},"author":156,"featured_media":0,"comment_status":"open","ping_status":"closed","sticky":false,"template":"","format":"standard","meta":{"footnotes":""},"categories":[1,8,7],"tags":[],"class_list":["post-1054","post","type-post","status-publish","format-standard","hentry","category-actus","category-perso","category-40ans"],"_links":{"self":[{"href":"https:\/\/www.amicale-aeap.fr\/word\/wp-json\/wp\/v2\/posts\/1054","targetHints":{"allow":["GET"]}}],"collection":[{"href":"https:\/\/www.amicale-aeap.fr\/word\/wp-json\/wp\/v2\/posts"}],"about":[{"href":"https:\/\/www.amicale-aeap.fr\/word\/wp-json\/wp\/v2\/types\/post"}],"author":[{"embeddable":true,"href":"https:\/\/www.amicale-aeap.fr\/word\/wp-json\/wp\/v2\/users\/156"}],"replies":[{"embeddable":true,"href":"https:\/\/www.amicale-aeap.fr\/word\/wp-json\/wp\/v2\/comments?post=1054"}],"version-history":[{"count":37,"href":"https:\/\/www.amicale-aeap.fr\/word\/wp-json\/wp\/v2\/posts\/1054\/revisions"}],"predecessor-version":[{"id":1245,"href":"https:\/\/www.amicale-aeap.fr\/word\/wp-json\/wp\/v2\/posts\/1054\/revisions\/1245"}],"wp:attachment":[{"href":"https:\/\/www.amicale-aeap.fr\/word\/wp-json\/wp\/v2\/media?parent=1054"}],"wp:term":[{"taxonomy":"category","embeddable":true,"href":"https:\/\/www.amicale-aeap.fr\/word\/wp-json\/wp\/v2\/categories?post=1054"},{"taxonomy":"post_tag","embeddable":true,"href":"https:\/\/www.amicale-aeap.fr\/word\/wp-json\/wp\/v2\/tags?post=1054"}],"curies":[{"name":"wp","href":"https:\/\/api.w.org\/{rel}","templated":true}]}}