{"id":10210,"date":"2025-09-03T11:50:00","date_gmt":"2025-09-03T10:50:00","guid":{"rendered":"https:\/\/www.amicale-aeap.fr\/word\/?p=10210"},"modified":"2025-09-03T10:24:22","modified_gmt":"2025-09-03T09:24:22","slug":"week-end-a-reims-du-29-au-30-novembre-cabaret-caves-et-marches-de-noel","status":"publish","type":"post","link":"https:\/\/www.amicale-aeap.fr\/word\/2025\/09\/03\/week-end-a-reims-du-29-au-30-novembre-cabaret-caves-et-marches-de-noel\/","title":{"rendered":"Week end \u00e0 Reims du 29 au 30 novembre &#8211; Cabaret, Caves et March\u00e9s de No\u00ebl"},"content":{"rendered":"\n<p>Vous \u00eates gourmands, vous aimez les sp\u00e9cialit\u00e9s r\u00e9gionales&#8230;.<\/p>\n\n\n\n<p>Rejoignez-nous au c\u0153ur de Reims pour visiter sa cath\u00e9drale et son march\u00e9 de No\u00ebl. le samedi 29 novembre et le dimanche 30.<\/p>\n\n\n\n<p>Votre soir\u00e9e sera pleine de plumes et strass au cabaret \u00a0\u00bb K \u00ab\u00a0.<\/p>\n\n\n\n<figure class=\"wp-block-gallery has-nested-images columns-default is-cropped wp-block-gallery-1 is-layout-flex wp-block-gallery-is-layout-flex\">\n<figure class=\"wp-block-image size-large\"><img loading=\"lazy\" decoding=\"async\" width=\"474\" height=\"268\" data-id=\"10213\" src=\"https:\/\/www.amicale-aeap.fr\/word\/wp-content\/uploads\/2025\/09\/image_proxy_1.webp\" alt=\"\" class=\"wp-image-10213\" srcset=\"https:\/\/www.amicale-aeap.fr\/word\/wp-content\/uploads\/2025\/09\/image_proxy_1.webp 474w, https:\/\/www.amicale-aeap.fr\/word\/wp-content\/uploads\/2025\/09\/image_proxy_1-300x170.webp 300w\" sizes=\"auto, (max-width: 474px) 100vw, 474px\" \/><\/figure>\n\n\n\n<figure class=\"wp-block-image size-large\"><img loading=\"lazy\" decoding=\"async\" width=\"474\" height=\"316\" data-id=\"10214\" src=\"https:\/\/www.amicale-aeap.fr\/word\/wp-content\/uploads\/2025\/09\/image_proxy_2.webp\" alt=\"\" class=\"wp-image-10214\" srcset=\"https:\/\/www.amicale-aeap.fr\/word\/wp-content\/uploads\/2025\/09\/image_proxy_2.webp 474w, https:\/\/www.amicale-aeap.fr\/word\/wp-content\/uploads\/2025\/09\/image_proxy_2-300x200.webp 300w, https:\/\/www.amicale-aeap.fr\/word\/wp-content\/uploads\/2025\/09\/image_proxy_2-360x240.webp 360w\" sizes=\"auto, (max-width: 474px) 100vw, 474px\" \/><\/figure>\n\n\n\n<figure class=\"wp-block-image size-large\"><img loading=\"lazy\" decoding=\"async\" width=\"474\" height=\"391\" data-id=\"10215\" src=\"https:\/\/www.amicale-aeap.fr\/word\/wp-content\/uploads\/2025\/09\/image_proxy_3.webp\" alt=\"\" class=\"wp-image-10215\" srcset=\"https:\/\/www.amicale-aeap.fr\/word\/wp-content\/uploads\/2025\/09\/image_proxy_3.webp 474w, https:\/\/www.amicale-aeap.fr\/word\/wp-content\/uploads\/2025\/09\/image_proxy_3-300x247.webp 300w\" sizes=\"auto, (max-width: 474px) 100vw, 474px\" \/><\/figure>\n<\/figure>\n\n\n\n<p>Apr\u00e8s une nuit reposante on vous pr\u00e9sentera de fossiles au court d&rsquo;une excursion g\u00e9ologique suivie d&rsquo;une d\u00e9gustation de champagne&#8230;<\/p>\n\n\n\n<figure class=\"wp-block-gallery has-nested-images columns-default is-cropped wp-block-gallery-2 is-layout-flex wp-block-gallery-is-layout-flex\">\n<figure class=\"wp-block-image size-large\"><img loading=\"lazy\" decoding=\"async\" width=\"474\" height=\"355\" data-id=\"10216\" src=\"https:\/\/www.amicale-aeap.fr\/word\/wp-content\/uploads\/2025\/09\/image_proxy_4.webp\" alt=\"\" class=\"wp-image-10216\" srcset=\"https:\/\/www.amicale-aeap.fr\/word\/wp-content\/uploads\/2025\/09\/image_proxy_4.webp 474w, https:\/\/www.amicale-aeap.fr\/word\/wp-content\/uploads\/2025\/09\/image_proxy_4-300x225.webp 300w\" sizes=\"auto, (max-width: 474px) 100vw, 474px\" \/><\/figure>\n\n\n\n<figure class=\"wp-block-image size-large\"><img loading=\"lazy\" decoding=\"async\" width=\"1024\" height=\"563\" data-id=\"10218\" src=\"https:\/\/www.amicale-aeap.fr\/word\/wp-content\/uploads\/2025\/09\/cave-aux-coquillages-2-1024x563.webp\" alt=\"\" class=\"wp-image-10218\" srcset=\"https:\/\/www.amicale-aeap.fr\/word\/wp-content\/uploads\/2025\/09\/cave-aux-coquillages-2-1024x563.webp 1024w, https:\/\/www.amicale-aeap.fr\/word\/wp-content\/uploads\/2025\/09\/cave-aux-coquillages-2-300x165.webp 300w, https:\/\/www.amicale-aeap.fr\/word\/wp-content\/uploads\/2025\/09\/cave-aux-coquillages-2-768x422.webp 768w, https:\/\/www.amicale-aeap.fr\/word\/wp-content\/uploads\/2025\/09\/cave-aux-coquillages-2-1536x845.webp 1536w, https:\/\/www.amicale-aeap.fr\/word\/wp-content\/uploads\/2025\/09\/cave-aux-coquillages-2-800x440.webp 800w, https:\/\/www.amicale-aeap.fr\/word\/wp-content\/uploads\/2025\/09\/cave-aux-coquillages-2-1320x726.webp 1320w, https:\/\/www.amicale-aeap.fr\/word\/wp-content\/uploads\/2025\/09\/cave-aux-coquillages-2.webp 1600w\" sizes=\"auto, (max-width: 1024px) 100vw, 1024px\" \/><\/figure>\n\n\n\n<figure class=\"wp-block-image size-large\"><img loading=\"lazy\" decoding=\"async\" width=\"474\" height=\"315\" data-id=\"10217\" src=\"https:\/\/www.amicale-aeap.fr\/word\/wp-content\/uploads\/2025\/09\/image_proxy_3-1.webp\" alt=\"\" class=\"wp-image-10217\" srcset=\"https:\/\/www.amicale-aeap.fr\/word\/wp-content\/uploads\/2025\/09\/image_proxy_3-1.webp 474w, https:\/\/www.amicale-aeap.fr\/word\/wp-content\/uploads\/2025\/09\/image_proxy_3-1-300x199.webp 300w, https:\/\/www.amicale-aeap.fr\/word\/wp-content\/uploads\/2025\/09\/image_proxy_3-1-360x240.webp 360w\" sizes=\"auto, (max-width: 474px) 100vw, 474px\" \/><\/figure>\n<\/figure>\n\n\n\n<p>&#8230;et sur le chemin du retour, le march\u00e9 de No\u00ebl de Saint Quentin o\u00f9 vous seront propos\u00e9s de l\u2019artisanat et autres id\u00e9es cadeaux.<\/p>\n\n\n<div class=\"wp-block-image\">\n<figure class=\"aligncenter size-full\"><img loading=\"lazy\" decoding=\"async\" width=\"800\" height=\"450\" src=\"https:\/\/www.amicale-aeap.fr\/word\/wp-content\/uploads\/2025\/09\/b9721759764z-1-20191129153930-000-g16f0v2m6-1-0.webp\" alt=\"\" class=\"wp-image-10221\" style=\"aspect-ratio:16\/9;object-fit:contain\" srcset=\"https:\/\/www.amicale-aeap.fr\/word\/wp-content\/uploads\/2025\/09\/b9721759764z-1-20191129153930-000-g16f0v2m6-1-0.webp 800w, https:\/\/www.amicale-aeap.fr\/word\/wp-content\/uploads\/2025\/09\/b9721759764z-1-20191129153930-000-g16f0v2m6-1-0-300x169.webp 300w, https:\/\/www.amicale-aeap.fr\/word\/wp-content\/uploads\/2025\/09\/b9721759764z-1-20191129153930-000-g16f0v2m6-1-0-768x432.webp 768w\" sizes=\"auto, (max-width: 800px) 100vw, 800px\" \/><\/figure>\n<\/div>\n\n\n<div style=\"height:22px\" aria-hidden=\"true\" class=\"wp-block-spacer\"><\/div>\n\n\n\n<div class=\"wp-block-file\"><a id=\"wp-block-file--media-769fff43-97b5-4dea-939b-1d7443be951a\" href=\"https:\/\/www.amicale-aeap.fr\/word\/wp-content\/uploads\/2025\/09\/Bulletin-dinscription-reims.odt\">T\u00e9l\u00e9charger le bulletin d&rsquo;inscription<\/a><a href=\"https:\/\/www.amicale-aeap.fr\/word\/wp-content\/uploads\/2025\/09\/Bulletin-dinscription-reims.odt\" class=\"wp-block-file__button wp-element-button\" download aria-describedby=\"wp-block-file--media-769fff43-97b5-4dea-939b-1d7443be951a\">T\u00e9l\u00e9charger<\/a><\/div>\n\n\n\n<div class=\"wp-block-file\"><a id=\"wp-block-file--media-f2caa379-641a-4913-90a6-8a39f196814c\" href=\"https:\/\/www.amicale-aeap.fr\/word\/wp-content\/uploads\/2025\/09\/Programme_complet_reims.pdf\">T\u00e9l\u00e9charger le programme complet<\/a><a href=\"https:\/\/www.amicale-aeap.fr\/word\/wp-content\/uploads\/2025\/09\/Programme_complet_reims.pdf\" class=\"wp-block-file__button wp-element-button\" download aria-describedby=\"wp-block-file--media-f2caa379-641a-4913-90a6-8a39f196814c\">T\u00e9l\u00e9charger<\/a><\/div>\n\n\n\n<p>Au plaisir de faire ce Week end avec vous !&nbsp;<\/p>\n\n\n\n<p class=\"has-text-align-center\"><strong>Merci d&rsquo;indiquer si vous participez \u00e0 la d\u00e9gustation de champagne\u00a0 \u00e0 la cave aux coquillages\u00a0 oui ou non.<\/strong><\/p>\n\n\n\n<p class=\"has-text-align-center has-text-color has-link-color wp-elements-96ee6f0717f1f195ae3f68ad2b17c2d8\" style=\"color:#ff0000\"><strong>Date limite au vendredi 10 octobre 2025<\/strong><\/p>\n\n\n\n<p class=\"has-text-align-center\"><strong>Un nombre de participants inf\u00e9rieur \u00e0 20 pourra conduire \u00e0 l\u2019annulation de l\u2019activit\u00e9<\/strong><\/p>\n\n\n\n<p class=\"has-text-align-center has-text-color has-link-color wp-elements-bf8858f910076503cfc57cf2cf413ba4\" style=\"color:#ff0000\"><strong>Pour rappel, toute annulation non d\u00fbment justifi\u00e9e se verra appliqu\u00e9e une facturation correspondante au co\u00fbt non subventionn\u00e9 de l&rsquo;activit\u00e9<\/strong><\/p>\n\n\n\n<p><\/p>\n","protected":false},"excerpt":{"rendered":"<p>Vous \u00eates gourmands, vous aimez les sp\u00e9cialit\u00e9s r\u00e9gionales&#8230;. Rejoignez-nous au c\u0153ur de Reims pour visiter sa cath\u00e9drale et son march\u00e9 de No\u00ebl. le samedi 29 novembre et le dimanche 30. Votre soir\u00e9e sera pleine de plumes et strass au cabaret \u00a0\u00bb K \u00ab\u00a0. Apr\u00e8s une nuit reposante on vous pr\u00e9sentera [&hellip;]<\/p>\n","protected":false},"author":167,"featured_media":10222,"comment_status":"closed","ping_status":"closed","sticky":false,"template":"","format":"standard","meta":{"footnotes":""},"categories":[45,4],"tags":[],"class_list":["post-10210","post","type-post","status-publish","format-standard","has-post-thumbnail","hentry","category-noel-2","category-sorties"],"_links":{"self":[{"href":"https:\/\/www.amicale-aeap.fr\/word\/wp-json\/wp\/v2\/posts\/10210","targetHints":{"allow":["GET"]}}],"collection":[{"href":"https:\/\/www.amicale-aeap.fr\/word\/wp-json\/wp\/v2\/posts"}],"about":[{"href":"https:\/\/www.amicale-aeap.fr\/word\/wp-json\/wp\/v2\/types\/post"}],"author":[{"embeddable":true,"href":"https:\/\/www.amicale-aeap.fr\/word\/wp-json\/wp\/v2\/users\/167"}],"replies":[{"embeddable":true,"href":"https:\/\/www.amicale-aeap.fr\/word\/wp-json\/wp\/v2\/comments?post=10210"}],"version-history":[{"count":2,"href":"https:\/\/www.amicale-aeap.fr\/word\/wp-json\/wp\/v2\/posts\/10210\/revisions"}],"predecessor-version":[{"id":10224,"href":"https:\/\/www.amicale-aeap.fr\/word\/wp-json\/wp\/v2\/posts\/10210\/revisions\/10224"}],"wp:featuredmedia":[{"embeddable":true,"href":"https:\/\/www.amicale-aeap.fr\/word\/wp-json\/wp\/v2\/media\/10222"}],"wp:attachment":[{"href":"https:\/\/www.amicale-aeap.fr\/word\/wp-json\/wp\/v2\/media?parent=10210"}],"wp:term":[{"taxonomy":"category","embeddable":true,"href":"https:\/\/www.amicale-aeap.fr\/word\/wp-json\/wp\/v2\/categories?post=10210"},{"taxonomy":"post_tag","embeddable":true,"href":"https:\/\/www.amicale-aeap.fr\/word\/wp-json\/wp\/v2\/tags?post=10210"}],"curies":[{"name":"wp","href":"https:\/\/api.w.org\/{rel}","templated":true}]}}