{"id":10171,"date":"2025-06-16T16:41:20","date_gmt":"2025-06-16T15:41:20","guid":{"rendered":"https:\/\/www.amicale-aeap.fr\/word\/?p=10171"},"modified":"2025-06-16T16:41:22","modified_gmt":"2025-06-16T15:41:22","slug":"entrees-pour-le-rock-werchter-festival-a-tarif-reduit-pour-le-samedi-5-juillet-2025","status":"publish","type":"post","link":"https:\/\/www.amicale-aeap.fr\/word\/2025\/06\/16\/entrees-pour-le-rock-werchter-festival-a-tarif-reduit-pour-le-samedi-5-juillet-2025\/","title":{"rendered":"Entr\u00e9es pour le Rock Werchter Festival \u00e0 tarif r\u00e9duit pour le  Samedi 5 juillet 2025"},"content":{"rendered":"\n<p><\/p>\n\n\n\n<p><strong>L\u2019Amicale vous propose des entr\u00e9es \u00e0 tarif r\u00e9duit pour le Rock Werchter Festival<\/strong><\/p>\n\n\n\n<p>Envie de vivre une journ\u00e9e inoubliable au c\u0153ur de l\u2019un des plus grands festivals de musique d\u2019Europe ? Rejoignez-nous pour une journ\u00e9e au&nbsp;<strong>Werchter Festival<\/strong>&nbsp;ce&nbsp;<strong>5 juillet 2025<\/strong>&nbsp;!<\/p>\n\n\n\n<p><strong>Line-up exceptionnel<\/strong>\u00a0: Profitez des meilleurs artistes internationaux et des d\u00e9couvertes musicales qui feront vibrer la sc\u00e8ne. <a href=\"https:\/\/www.rockwerchter.be\/fr\/line-up\/samedi\/schedule\" target=\"_blank\" rel=\"noreferrer noopener\">Line-up &#8211; samedi &#8211; Horaire | Rock Werchter 2025<\/a><\/p>\n\n\n\n<p>Profitez d\u2019un billet \u00e0 tarif avantageux ! soit 68,50 euros au lieu de 137 euros<\/p>\n\n\n\n<p>Ne manquez pas cette occasion de faire la f\u00eate, de d\u00e9couvrir des talents et de cr\u00e9er des souvenirs m\u00e9morables au Werchter Festival !<\/p>\n\n\n\n<p><strong>Dans un esprit de partager de bons moments collectifs avant les concerts, nous vous proposons de nous retrouver pour un d\u00e9jeuner convivial au festival !<\/strong><\/p>\n\n\n\n<p><strong>Quand ?<\/strong>\u00a0Le 5 juillet, vers 12h30 (horaire exact \u00e0 pr\u00e9ciser )<\/p>\n\n\n\n<p><strong>O\u00f9 ?<\/strong>\u00a0[dans la zone food \u00e0 droite de la grande sc\u00e8ne \u00ab\u00a0Main Stage\u00a0\u00bb)<\/p>\n\n\n\n<figure class=\"wp-block-image size-large\"><img loading=\"lazy\" decoding=\"async\" width=\"1024\" height=\"530\" src=\"https:\/\/www.amicale-aeap.fr\/word\/wp-content\/uploads\/2025\/06\/plattegrond-rw-1024x530.webp\" alt=\"\" class=\"wp-image-10181\" srcset=\"https:\/\/www.amicale-aeap.fr\/word\/wp-content\/uploads\/2025\/06\/plattegrond-rw-1024x530.webp 1024w, https:\/\/www.amicale-aeap.fr\/word\/wp-content\/uploads\/2025\/06\/plattegrond-rw-300x155.webp 300w, https:\/\/www.amicale-aeap.fr\/word\/wp-content\/uploads\/2025\/06\/plattegrond-rw-768x398.webp 768w, https:\/\/www.amicale-aeap.fr\/word\/wp-content\/uploads\/2025\/06\/plattegrond-rw-1536x796.webp 1536w, https:\/\/www.amicale-aeap.fr\/word\/wp-content\/uploads\/2025\/06\/plattegrond-rw-800x414.webp 800w, https:\/\/www.amicale-aeap.fr\/word\/wp-content\/uploads\/2025\/06\/plattegrond-rw-1320x684.webp 1320w, https:\/\/www.amicale-aeap.fr\/word\/wp-content\/uploads\/2025\/06\/plattegrond-rw.webp 2000w\" sizes=\"auto, (max-width: 1024px) 100vw, 1024px\" \/><\/figure>\n\n\n\n<p><strong>Quoi ?<\/strong>&nbsp;Chacun peut apporter son pique-nique ou profiter des stands de restauration du festival, l\u2019essentiel c\u2019est de partager un bon moment ensemble !<\/p>\n\n\n\n<p><strong>R\u00e9servez vite votre place par mail \u00e0 l\u2019adresse&nbsp;: <\/strong><a href=\"mailto:amicale@amicale-aeap.fr\" target=\"_blank\" rel=\"noreferrer noopener\"><strong>amicale@amicale-aeap.fr<\/strong><\/a><strong> en indiquant le nombre d\u2019amicalistes participants ( ce tarif ne s\u2019applique pas aux ext\u00e9rieurs)<\/strong><\/p>\n\n\n\n<p><strong>Le paiement est \u00e0 effectuer par ch\u00e8que aupr\u00e8s de Bruno ou Adeline ou par virement.<\/strong><\/p>\n\n\n\n<p><strong>Etant donn\u00e9 que ce sont les derni\u00e8res places disponibles les r\u00e9servations seront faites dans l&rsquo;ordre d&rsquo;inscription en fonction des places disponibles. &nbsp;<\/strong><\/p>\n\n\n\n<p class=\"has-text-align-center has-text-color has-link-color wp-elements-6957680ccddb2d0e5c544b2b95c81eb4\" style=\"color:#eb1919\"><strong>Merci de vous inscrire pour&nbsp;mardi 24 juin au plus tard.<\/strong><\/p>\n\n\n\n<p>Chaque ticket de festival donne droit \u00e0 un ticket gratuit pour les transports en commun (train\/navette) vers et de Werchter. Mais vous pouvez aussi r\u00e9server le parking non loin du festival (parking non sujet \u00e0 une subvention amicale).<\/p>\n\n\n\n<p><a href=\"https:\/\/www.rockwerchter.be\/fr\/info\/comment-se-rendre-a-rock-werchter\" rel=\"noreferrer noopener\" target=\"_blank\">Comment se rendre \u00e0 Rock Werchter? | Rock Werchter 2025<\/a><\/p>\n\n\n\n<p><\/p>\n","protected":false},"excerpt":{"rendered":"<p>L\u2019Amicale vous propose des entr\u00e9es \u00e0 tarif r\u00e9duit pour le Rock Werchter Festival Envie de vivre une journ\u00e9e inoubliable au c\u0153ur de l\u2019un des plus grands festivals de musique d\u2019Europe ? Rejoignez-nous pour une journ\u00e9e au&nbsp;Werchter Festival&nbsp;ce&nbsp;5 juillet 2025&nbsp;! Line-up exceptionnel\u00a0: Profitez des meilleurs artistes internationaux et des d\u00e9couvertes musicales [&hellip;]<\/p>\n","protected":false},"author":174,"featured_media":10168,"comment_status":"closed","ping_status":"closed","sticky":false,"template":"","format":"standard","meta":{"footnotes":""},"categories":[1],"tags":[],"class_list":["post-10171","post","type-post","status-publish","format-standard","has-post-thumbnail","hentry","category-actus"],"_links":{"self":[{"href":"https:\/\/www.amicale-aeap.fr\/word\/wp-json\/wp\/v2\/posts\/10171","targetHints":{"allow":["GET"]}}],"collection":[{"href":"https:\/\/www.amicale-aeap.fr\/word\/wp-json\/wp\/v2\/posts"}],"about":[{"href":"https:\/\/www.amicale-aeap.fr\/word\/wp-json\/wp\/v2\/types\/post"}],"author":[{"embeddable":true,"href":"https:\/\/www.amicale-aeap.fr\/word\/wp-json\/wp\/v2\/users\/174"}],"replies":[{"embeddable":true,"href":"https:\/\/www.amicale-aeap.fr\/word\/wp-json\/wp\/v2\/comments?post=10171"}],"version-history":[{"count":12,"href":"https:\/\/www.amicale-aeap.fr\/word\/wp-json\/wp\/v2\/posts\/10171\/revisions"}],"predecessor-version":[{"id":10185,"href":"https:\/\/www.amicale-aeap.fr\/word\/wp-json\/wp\/v2\/posts\/10171\/revisions\/10185"}],"wp:featuredmedia":[{"embeddable":true,"href":"https:\/\/www.amicale-aeap.fr\/word\/wp-json\/wp\/v2\/media\/10168"}],"wp:attachment":[{"href":"https:\/\/www.amicale-aeap.fr\/word\/wp-json\/wp\/v2\/media?parent=10171"}],"wp:term":[{"taxonomy":"category","embeddable":true,"href":"https:\/\/www.amicale-aeap.fr\/word\/wp-json\/wp\/v2\/categories?post=10171"},{"taxonomy":"post_tag","embeddable":true,"href":"https:\/\/www.amicale-aeap.fr\/word\/wp-json\/wp\/v2\/tags?post=10171"}],"curies":[{"name":"wp","href":"https:\/\/api.w.org\/{rel}","templated":true}]}}