{"id":10145,"date":"2025-05-13T13:00:00","date_gmt":"2025-05-13T12:00:00","guid":{"rendered":"https:\/\/www.amicale-aeap.fr\/word\/?p=10145"},"modified":"2025-05-14T13:44:56","modified_gmt":"2025-05-14T12:44:56","slug":"convocation-assemblee-generale-de-lamicale-le-19-juin-2024","status":"publish","type":"post","link":"https:\/\/www.amicale-aeap.fr\/word\/2025\/05\/13\/convocation-assemblee-generale-de-lamicale-le-19-juin-2024\/","title":{"rendered":"CONVOCATION &#8211; Assembl\u00e9e G\u00e9n\u00e9rale de l&rsquo;Amicale le 19 juin 2024"},"content":{"rendered":"\n<p>Ch\u00e8res\/chers Amicalistes,<\/p>\n\n\n\n<p>l&rsquo;assembl\u00e9e g\u00e9n\u00e9rale de l&rsquo;Amicale du personnel de l&rsquo;Agence de l&rsquo;eau Artois-Picardie est un moment-cl\u00e9 dans la vie de l&rsquo;association, auquel tous les amicalistes sont chaleureusement convi\u00e9s.<\/p>\n\n\n\n<p>Nous vous invitons donc d\u00e8s \u00e0 pr\u00e9sent \u00e0 bloquer dans vos agendas respectifs le cr\u00e9neau suivant :<\/p>\n\n\n\n<p class=\"has-text-align-center\"><strong>Jeudi 19 juin de 16h \u00e0 17h<\/strong><\/p>\n\n\n\n<p><strong>L\u2019Ordre du Jour sera le suivant :<\/strong><\/p>\n\n\n\n<ul class=\"wp-block-list\">\n<li>Approbation des comptes de l\u2019exercice clos<\/li>\n\n\n\n<li>\u00c9lections du conseil d\u2019administration<\/li>\n\n\n\n<li>Bilan de l\u2019ann\u00e9e 2024, projets 2025-2026 en cours<\/li>\n\n\n\n<li>Budget pr\u00e9visionnel<\/li>\n\n\n\n<li>Questions diverses<\/li>\n<\/ul>\n\n\n\n<p><strong>\u00c9lections : se pr\u00e9sente <\/strong>(pour l\u2019instant !)<strong> Catherine Saldo<\/strong><\/p>\n\n\n\n<p>N&rsquo;h\u00e9sitez pas \u00e0 vous manifester si vous souhaitez int\u00e9grer le CA \ud83d\ude42<\/p>\n\n\n\n<p>Pour cette AG, il sera possible de <strong>voter sur place<\/strong> et <strong>par procuration<\/strong>.<\/p>\n\n\n\n<p><a href=\"https:\/\/www.amicale-aeap.fr\/word\/wp-content\/uploads\/2025\/05\/BULLETIN_AG_2025.docx\" data-type=\"link\" data-id=\"https:\/\/www.amicale-aeap.fr\/word\/wp-content\/uploads\/2025\/05\/BULLETIN_AG_2025.docx\">Convocation + procuration Assembl\u00e9e G\u00e9n\u00e9rale 2025<\/a><\/p>\n\n\n\n<hr class=\"wp-block-separator has-alpha-channel-opacity\"\/>\n\n\n<div class=\"wp-block-image\">\n<figure class=\"aligncenter\"><a href=\"http:\/\/www.amicale-aeap.fr\/word\/wp-content\/uploads\/2019\/03\/Keep-Calm-V3.png\"><img loading=\"lazy\" decoding=\"async\" width=\"225\" height=\"300\" src=\"http:\/\/www.amicale-aeap.fr\/word\/wp-content\/uploads\/2019\/03\/Keep-Calm-V3-225x300.png\" alt=\"\" class=\"wp-image-7542\" srcset=\"https:\/\/www.amicale-aeap.fr\/word\/wp-content\/uploads\/2019\/03\/Keep-Calm-V3-225x300.png 225w, https:\/\/www.amicale-aeap.fr\/word\/wp-content\/uploads\/2019\/03\/Keep-Calm-V3-768x1024.png 768w, https:\/\/www.amicale-aeap.fr\/word\/wp-content\/uploads\/2019\/03\/Keep-Calm-V3.png 1125w\" sizes=\"auto, (max-width: 225px) 100vw, 225px\" \/><\/a><\/figure>\n<\/div>\n\n\n<hr class=\"wp-block-separator has-alpha-channel-opacity\"\/>\n\n\n\n<p>Pour le <strong>vote par procuration,<\/strong> veillez \u00e0 bien respecter la <strong>limite de 5 procuration par personne<\/strong>.<\/p>\n\n\n\n<hr class=\"wp-block-separator has-alpha-channel-opacity\"\/>\n\n\n\n<p class=\"has-text-align-center\"><strong>Dans l\u2019hypoth\u00e8se o\u00f9 le quorum le serait pas atteint, l\u2019AG se r\u00e9unira le <strong>Jeudi 19 juin<\/strong> 2025<\/strong> <strong>\u00e0 16h15 sans condition de quorum.<\/strong><\/p>\n\n\n\n<hr class=\"wp-block-separator has-alpha-channel-opacity\"\/>\n\n\n\n<p>Go\u00fbter garanti !<\/p>\n\n\n\n<p><strong>Nous vous attendons nombreux !<\/strong><\/p>\n\n\n\n<p><a href=\"https:\/\/www.amicale-aeap.fr\/word\/wp-content\/uploads\/2025\/05\/BULLETIN_AG_2025.docx\" data-type=\"link\" data-id=\"https:\/\/www.amicale-aeap.fr\/word\/wp-content\/uploads\/2025\/05\/BULLETIN_AG_2025.docx\">Convocation + Bulletin de l\u2019AG 2025<\/a><\/p>\n\n\n\n<p><\/p>\n","protected":false},"excerpt":{"rendered":"<p>Ch\u00e8res\/chers Amicalistes, l&rsquo;assembl\u00e9e g\u00e9n\u00e9rale de l&rsquo;Amicale du personnel de l&rsquo;Agence de l&rsquo;eau Artois-Picardie est un moment-cl\u00e9 dans la vie de l&rsquo;association, auquel tous les amicalistes sont chaleureusement convi\u00e9s. Nous vous invitons donc d\u00e8s \u00e0 pr\u00e9sent \u00e0 bloquer dans vos agendas respectifs le cr\u00e9neau suivant : Jeudi 19 juin de 16h [&hellip;]<\/p>\n","protected":false},"author":167,"featured_media":7643,"comment_status":"closed","ping_status":"closed","sticky":false,"template":"","format":"standard","meta":{"footnotes":""},"categories":[1],"tags":[],"class_list":["post-10145","post","type-post","status-publish","format-standard","has-post-thumbnail","hentry","category-actus"],"_links":{"self":[{"href":"https:\/\/www.amicale-aeap.fr\/word\/wp-json\/wp\/v2\/posts\/10145","targetHints":{"allow":["GET"]}}],"collection":[{"href":"https:\/\/www.amicale-aeap.fr\/word\/wp-json\/wp\/v2\/posts"}],"about":[{"href":"https:\/\/www.amicale-aeap.fr\/word\/wp-json\/wp\/v2\/types\/post"}],"author":[{"embeddable":true,"href":"https:\/\/www.amicale-aeap.fr\/word\/wp-json\/wp\/v2\/users\/167"}],"replies":[{"embeddable":true,"href":"https:\/\/www.amicale-aeap.fr\/word\/wp-json\/wp\/v2\/comments?post=10145"}],"version-history":[{"count":4,"href":"https:\/\/www.amicale-aeap.fr\/word\/wp-json\/wp\/v2\/posts\/10145\/revisions"}],"predecessor-version":[{"id":10153,"href":"https:\/\/www.amicale-aeap.fr\/word\/wp-json\/wp\/v2\/posts\/10145\/revisions\/10153"}],"wp:featuredmedia":[{"embeddable":true,"href":"https:\/\/www.amicale-aeap.fr\/word\/wp-json\/wp\/v2\/media\/7643"}],"wp:attachment":[{"href":"https:\/\/www.amicale-aeap.fr\/word\/wp-json\/wp\/v2\/media?parent=10145"}],"wp:term":[{"taxonomy":"category","embeddable":true,"href":"https:\/\/www.amicale-aeap.fr\/word\/wp-json\/wp\/v2\/categories?post=10145"},{"taxonomy":"post_tag","embeddable":true,"href":"https:\/\/www.amicale-aeap.fr\/word\/wp-json\/wp\/v2\/tags?post=10145"}],"curies":[{"name":"wp","href":"https:\/\/api.w.org\/{rel}","templated":true}]}}