{"id":10103,"date":"2025-02-25T10:26:00","date_gmt":"2025-02-25T09:26:00","guid":{"rendered":"https:\/\/www.amicale-aeap.fr\/word\/?p=10103"},"modified":"2025-02-03T12:27:26","modified_gmt":"2025-02-03T11:27:26","slug":"chocolats-de-paques","status":"publish","type":"post","link":"https:\/\/www.amicale-aeap.fr\/word\/2025\/02\/25\/chocolats-de-paques\/","title":{"rendered":"Chocolats de P\u00e2ques"},"content":{"rendered":"\n<figure class=\"wp-block-image size-large\"><img loading=\"lazy\" decoding=\"async\" width=\"1024\" height=\"221\" src=\"https:\/\/www.amicale-aeap.fr\/word\/wp-content\/uploads\/2025\/02\/image-avant-1024x221.webp\" alt=\"IMAGE AVANT\" class=\"wp-image-10105\" srcset=\"https:\/\/www.amicale-aeap.fr\/word\/wp-content\/uploads\/2025\/02\/image-avant-1024x221.webp 1024w, https:\/\/www.amicale-aeap.fr\/word\/wp-content\/uploads\/2025\/02\/image-avant-300x65.webp 300w, https:\/\/www.amicale-aeap.fr\/word\/wp-content\/uploads\/2025\/02\/image-avant-768x166.webp 768w, https:\/\/www.amicale-aeap.fr\/word\/wp-content\/uploads\/2025\/02\/image-avant-800x173.webp 800w, https:\/\/www.amicale-aeap.fr\/word\/wp-content\/uploads\/2025\/02\/image-avant.webp 1105w\" sizes=\"auto, (max-width: 1024px) 100vw, 1024px\" \/><\/figure>\n\n\n\n<div style=\"height:23px\" aria-hidden=\"true\" class=\"wp-block-spacer\"><\/div>\n\n\n\n<p><strong>Pourquoi mange-t-on du chocolat \u00e0 P\u00e2ques ?<\/strong><br>Parce que c&rsquo;est bon me direz-vous<\/p>\n\n\n\n<div style=\"height:22px\" aria-hidden=\"true\" class=\"wp-block-spacer\"><\/div>\n\n\n\n<p><strong>Des \u0153ufs et du chocolat pour f\u00eater P\u00e2ques<\/strong><br>Cette tradition remonte au Moyen-\u00c2ge !<br>A l&rsquo;origine, on offrait des \u0153ufs pour c\u00e9l\u00e9brer la renaissance et le renouveau.<br>Les \u0153ufs \u00e9taient alors en bois, en pierre ou en m\u00e9tal, et d\u00e9cor\u00e9s de motifs et de couleurs vives.<br>Jolis \u00e0 regarder, mais un peu dur pour les dents et les estomacs.<\/p>\n\n\n\n<figure class=\"wp-block-image size-full\"><img loading=\"lazy\" decoding=\"async\" width=\"1000\" height=\"360\" src=\"https:\/\/www.amicale-aeap.fr\/word\/wp-content\/uploads\/2025\/02\/paques-tendance-bandeau.webp\" alt=\"paques-tendance-bandeau\" class=\"wp-image-10108\" srcset=\"https:\/\/www.amicale-aeap.fr\/word\/wp-content\/uploads\/2025\/02\/paques-tendance-bandeau.webp 1000w, https:\/\/www.amicale-aeap.fr\/word\/wp-content\/uploads\/2025\/02\/paques-tendance-bandeau-300x108.webp 300w, https:\/\/www.amicale-aeap.fr\/word\/wp-content\/uploads\/2025\/02\/paques-tendance-bandeau-768x276.webp 768w, https:\/\/www.amicale-aeap.fr\/word\/wp-content\/uploads\/2025\/02\/paques-tendance-bandeau-800x288.webp 800w\" sizes=\"auto, (max-width: 1000px) 100vw, 1000px\" \/><\/figure>\n\n\n\n<p><br>Merci \u00e0 l&rsquo;av\u00e8nement de la\u00a0chocolaterie au XIXe si\u00e8cle.<\/p>\n\n\n\n<p><strong>L&rsquo;\u0153uf en\u00a0chocolat est devenu un symbole de P\u00e2ques<\/strong>.<\/p>\n\n\n\n<p>Le chocolat \u00e9voque la gourmandise et la f\u00eate, id\u00e9al pour c\u00e9l\u00e9brer les moments heureux de la vie.<\/p>\n\n\n\n<p>Alors pour vous aidez \u00e0 partager et propager tout ce bonheur, venez profiter des offres sp\u00e9ciales propos\u00e9es par Jeff de Bruges : <strong>\u2013 30 % sur le prix magasin<\/strong><\/p>\n\n\n\n<p>Vous pouvez consulter le catalogue\u00a0<a href=\"https:\/\/www.amicale-aeap.fr\/word\/wp-content\/uploads\/2025\/02\/B-Catalogue-CE-Jeff-de-Bruges-DOUAI-Paques-2025.pdf\" target=\"_blank\" rel=\"noreferrer noopener\">ici<\/a><\/p>\n\n\n\n<p>Pour commander, rien de plus simple, compl\u00e9tez le fichier Commande J. de BRUGES P\u00e2ques_2025 sous z_BOX\\AMICALE\\JEFF DE BRUGES P\u00c2QUES pour le\u00a0<strong>vendredi 28 mars 2025<\/strong>.<\/p>\n\n\n\n<p>Les r\u00e8glements peuvent se faire par :<br>\u2013 virement libell\u00e9 \u00ab&nbsp;<strong>JDB PAQUES \u2013 VOTRENOM<\/strong>&nbsp;&nbsp;\u00bb&nbsp;, ou<br>\u2013 ch\u00e8que \u00e9tabli \u00e0&nbsp;<strong>l\u2019ordre de l\u2019Amicale de l\u2019Agence de l\u2019Eau Artois-Picardie<\/strong>&nbsp;\u00e0 remettre \u00e0 Catherine Z. (bureau 108).<\/p>\n\n\n\n<figure class=\"wp-block-image size-full\"><img loading=\"lazy\" decoding=\"async\" width=\"800\" height=\"533\" src=\"https:\/\/www.amicale-aeap.fr\/word\/wp-content\/uploads\/2025\/02\/vacances-de-paques.webp\" alt=\"vacances-de-paques\" class=\"wp-image-10110\" srcset=\"https:\/\/www.amicale-aeap.fr\/word\/wp-content\/uploads\/2025\/02\/vacances-de-paques.webp 800w, https:\/\/www.amicale-aeap.fr\/word\/wp-content\/uploads\/2025\/02\/vacances-de-paques-300x200.webp 300w, https:\/\/www.amicale-aeap.fr\/word\/wp-content\/uploads\/2025\/02\/vacances-de-paques-768x512.webp 768w, https:\/\/www.amicale-aeap.fr\/word\/wp-content\/uploads\/2025\/02\/vacances-de-paques-360x240.webp 360w\" sizes=\"auto, (max-width: 800px) 100vw, 800px\" \/><\/figure>\n","protected":false},"excerpt":{"rendered":"<p>Pourquoi mange-t-on du chocolat \u00e0 P\u00e2ques ?Parce que c&rsquo;est bon me direz-vous Des \u0153ufs et du chocolat pour f\u00eater P\u00e2quesCette tradition remonte au Moyen-\u00c2ge !A l&rsquo;origine, on offrait des \u0153ufs pour c\u00e9l\u00e9brer la renaissance et le renouveau.Les \u0153ufs \u00e9taient alors en bois, en pierre ou en m\u00e9tal, et d\u00e9cor\u00e9s de [&hellip;]<\/p>\n","protected":false},"author":162,"featured_media":10109,"comment_status":"closed","ping_status":"closed","sticky":false,"template":"","format":"standard","meta":{"footnotes":""},"categories":[1,28],"tags":[],"class_list":["post-10103","post","type-post","status-publish","format-standard","has-post-thumbnail","hentry","category-actus","category-bons-plans"],"_links":{"self":[{"href":"https:\/\/www.amicale-aeap.fr\/word\/wp-json\/wp\/v2\/posts\/10103","targetHints":{"allow":["GET"]}}],"collection":[{"href":"https:\/\/www.amicale-aeap.fr\/word\/wp-json\/wp\/v2\/posts"}],"about":[{"href":"https:\/\/www.amicale-aeap.fr\/word\/wp-json\/wp\/v2\/types\/post"}],"author":[{"embeddable":true,"href":"https:\/\/www.amicale-aeap.fr\/word\/wp-json\/wp\/v2\/users\/162"}],"replies":[{"embeddable":true,"href":"https:\/\/www.amicale-aeap.fr\/word\/wp-json\/wp\/v2\/comments?post=10103"}],"version-history":[{"count":6,"href":"https:\/\/www.amicale-aeap.fr\/word\/wp-json\/wp\/v2\/posts\/10103\/revisions"}],"predecessor-version":[{"id":10117,"href":"https:\/\/www.amicale-aeap.fr\/word\/wp-json\/wp\/v2\/posts\/10103\/revisions\/10117"}],"wp:featuredmedia":[{"embeddable":true,"href":"https:\/\/www.amicale-aeap.fr\/word\/wp-json\/wp\/v2\/media\/10109"}],"wp:attachment":[{"href":"https:\/\/www.amicale-aeap.fr\/word\/wp-json\/wp\/v2\/media?parent=10103"}],"wp:term":[{"taxonomy":"category","embeddable":true,"href":"https:\/\/www.amicale-aeap.fr\/word\/wp-json\/wp\/v2\/categories?post=10103"},{"taxonomy":"post_tag","embeddable":true,"href":"https:\/\/www.amicale-aeap.fr\/word\/wp-json\/wp\/v2\/tags?post=10103"}],"curies":[{"name":"wp","href":"https:\/\/api.w.org\/{rel}","templated":true}]}}