{"id":10066,"date":"2025-01-14T09:54:23","date_gmt":"2025-01-14T08:54:23","guid":{"rendered":"https:\/\/www.amicale-aeap.fr\/word\/?p=10066"},"modified":"2025-01-14T09:54:25","modified_gmt":"2025-01-14T08:54:25","slug":"voyagez-dans-le-temps-sejour-au-mont-saint-michel-du-27-06-au-30-06-2025","status":"publish","type":"post","link":"https:\/\/www.amicale-aeap.fr\/word\/2025\/01\/14\/voyagez-dans-le-temps-sejour-au-mont-saint-michel-du-27-06-au-30-06-2025\/","title":{"rendered":"Voyagez dans le temps &#8211; S\u00e9jour au Mont Saint Michel &#8211; Du 27\/06 au 30\/06\/2025"},"content":{"rendered":"\n<h2 class=\"wp-block-heading\">Nous vous proposons de voyager 1000 ans en arri\u00e8re !<\/h2>\n\n\n\n<p class=\"has-text-align-left\"><br>En immersion en plein c\u0153ur de Honfleur ou dans les rues et remparts du Mont Saint Michel, venez d\u00e9couvrir la fabrication du cidre, du calvados et autres caramels en passant par les cloches de<br>Villedieu les Po\u00eales.<\/p>\n\n\n\n<figure class=\"wp-block-gallery has-nested-images columns-default is-cropped wp-block-gallery-1 is-layout-flex wp-block-gallery-is-layout-flex\">\n<figure class=\"wp-block-image size-large\"><img loading=\"lazy\" decoding=\"async\" width=\"650\" height=\"433\" data-id=\"10071\" src=\"https:\/\/www.amicale-aeap.fr\/word\/wp-content\/uploads\/2025\/01\/14047_commune_0.webp\" alt=\"\" class=\"wp-image-10071\" srcset=\"https:\/\/www.amicale-aeap.fr\/word\/wp-content\/uploads\/2025\/01\/14047_commune_0.webp 650w, https:\/\/www.amicale-aeap.fr\/word\/wp-content\/uploads\/2025\/01\/14047_commune_0-300x200.webp 300w, https:\/\/www.amicale-aeap.fr\/word\/wp-content\/uploads\/2025\/01\/14047_commune_0-360x240.webp 360w\" sizes=\"auto, (max-width: 650px) 100vw, 650px\" \/><\/figure>\n\n\n\n<figure class=\"wp-block-image size-large\"><img loading=\"lazy\" decoding=\"async\" width=\"1024\" height=\"731\" data-id=\"10072\" src=\"https:\/\/www.amicale-aeap.fr\/word\/wp-content\/uploads\/2025\/01\/031049233192105207093002244068024239191112073076-1024x731.webp\" alt=\"\" class=\"wp-image-10072\" srcset=\"https:\/\/www.amicale-aeap.fr\/word\/wp-content\/uploads\/2025\/01\/031049233192105207093002244068024239191112073076-1024x731.webp 1024w, https:\/\/www.amicale-aeap.fr\/word\/wp-content\/uploads\/2025\/01\/031049233192105207093002244068024239191112073076-300x214.webp 300w, https:\/\/www.amicale-aeap.fr\/word\/wp-content\/uploads\/2025\/01\/031049233192105207093002244068024239191112073076-768x549.webp 768w, https:\/\/www.amicale-aeap.fr\/word\/wp-content\/uploads\/2025\/01\/031049233192105207093002244068024239191112073076-800x571.webp 800w, https:\/\/www.amicale-aeap.fr\/word\/wp-content\/uploads\/2025\/01\/031049233192105207093002244068024239191112073076-1320x943.webp 1320w, https:\/\/www.amicale-aeap.fr\/word\/wp-content\/uploads\/2025\/01\/031049233192105207093002244068024239191112073076.webp 1512w\" sizes=\"auto, (max-width: 1024px) 100vw, 1024px\" \/><\/figure>\n\n\n\n<figure class=\"wp-block-image size-large\"><img loading=\"lazy\" decoding=\"async\" width=\"500\" height=\"355\" data-id=\"10070\" src=\"https:\/\/www.amicale-aeap.fr\/word\/wp-content\/uploads\/2025\/01\/500px-mont_st_michel_3_brittany_france_-_july_2011.webp\" alt=\"\" class=\"wp-image-10070\" srcset=\"https:\/\/www.amicale-aeap.fr\/word\/wp-content\/uploads\/2025\/01\/500px-mont_st_michel_3_brittany_france_-_july_2011.webp 500w, https:\/\/www.amicale-aeap.fr\/word\/wp-content\/uploads\/2025\/01\/500px-mont_st_michel_3_brittany_france_-_july_2011-300x213.webp 300w\" sizes=\"auto, (max-width: 500px) 100vw, 500px\" \/><\/figure>\n<\/figure>\n\n\n\n<p>Le tarif est de 350\u20ac\/personne pour un s\u00e9jour de 4 jours et 3 nuits.<\/p>\n\n\n\n<p class=\"has-text-align-left\">De la tapisserie de Bayeux, de la d\u00e9gustation d\u2019hu\u00eetres et de fromages, venez d\u00e9couvrir tous ces endroits qui ont su garder tout leur charme d&rsquo;antan en esp\u00e9rant ne pas croiser de corsaires<\/p>\n\n\n\n<div class=\"wp-block-file\"><a id=\"wp-block-file--media-d44e8b0a-c46c-4773-8545-93d87317a948\" href=\"https:\/\/www.amicale-aeap.fr\/word\/wp-content\/uploads\/2025\/01\/Bulletin-dinscription-msm.odt\">Bulletin d&rsquo;inscription<\/a><a href=\"https:\/\/www.amicale-aeap.fr\/word\/wp-content\/uploads\/2025\/01\/Bulletin-dinscription-msm.odt\" class=\"wp-block-file__button wp-element-button\" download aria-describedby=\"wp-block-file--media-d44e8b0a-c46c-4773-8545-93d87317a948\">T\u00e9l\u00e9charger<\/a><\/div>\n\n\n\n<div class=\"wp-block-file\"><a id=\"wp-block-file--media-3e8bf636-0402-4dd8-85bd-e722fd8ec3e1\" href=\"https:\/\/www.amicale-aeap.fr\/word\/wp-content\/uploads\/2025\/01\/Programme-MONT-SAINT-MICHEL-du-27-juin-au-30-juin-2025.pdf\">Programme du s\u00e9jour au Mont SAINT MICHEL du 27 juin au 30 juin 2025<\/a><a href=\"https:\/\/www.amicale-aeap.fr\/word\/wp-content\/uploads\/2025\/01\/Programme-MONT-SAINT-MICHEL-du-27-juin-au-30-juin-2025.pdf\" class=\"wp-block-file__button wp-element-button\" download aria-describedby=\"wp-block-file--media-3e8bf636-0402-4dd8-85bd-e722fd8ec3e1\">T\u00e9l\u00e9charger<\/a><\/div>\n\n\n\n<p><br><strong>Merci de vous inscrire pour ce voyage aupr\u00e8s de<\/strong> <strong>Marc (marc.descatoire@orange.fr),<\/strong> <strong>Bruno<\/strong> <strong>ou <\/strong><strong>Catherine S<\/strong>.<\/p>\n\n\n\n<p class=\"has-text-align-center has-text-color has-link-color wp-elements-15aa07a93ad6545e2f9e100c52fb73ce\" style=\"color:#ff0000\"><strong>Date limite des inscriptions au<\/strong> <strong>20 f\u00e9vrier 2025<\/strong> <strong>(attention place limit\u00e9)<\/strong><\/p>\n\n\n\n<p class=\"has-text-align-center\"><strong>Toute annulation pourrait entra\u00eener des frais suppl\u00e9mentaires \u00e0 la charge de l\u2019Amicaliste<\/strong><\/p>\n\n\n\n<p class=\"has-text-align-center has-text-color has-link-color wp-elements-7f454f825b628e366a3d73a380d2173c\" style=\"color:#fd0000\"><strong>Nombre minimum de participants pour ce voyage&nbsp;: 2<\/strong><strong>5<\/strong><\/p>\n\n\n\n<figure class=\"wp-block-image size-large\"><img loading=\"lazy\" decoding=\"async\" width=\"1024\" height=\"539\" src=\"https:\/\/www.amicale-aeap.fr\/word\/wp-content\/uploads\/2025\/01\/cloitre_abbaye_du_mont_saint-michel_2015-05-28-1024x539.webp\" alt=\"\" class=\"wp-image-10074\" srcset=\"https:\/\/www.amicale-aeap.fr\/word\/wp-content\/uploads\/2025\/01\/cloitre_abbaye_du_mont_saint-michel_2015-05-28-1024x539.webp 1024w, https:\/\/www.amicale-aeap.fr\/word\/wp-content\/uploads\/2025\/01\/cloitre_abbaye_du_mont_saint-michel_2015-05-28-300x158.webp 300w, https:\/\/www.amicale-aeap.fr\/word\/wp-content\/uploads\/2025\/01\/cloitre_abbaye_du_mont_saint-michel_2015-05-28-768x404.webp 768w, https:\/\/www.amicale-aeap.fr\/word\/wp-content\/uploads\/2025\/01\/cloitre_abbaye_du_mont_saint-michel_2015-05-28-1536x808.webp 1536w, https:\/\/www.amicale-aeap.fr\/word\/wp-content\/uploads\/2025\/01\/cloitre_abbaye_du_mont_saint-michel_2015-05-28-scaled.webp 2000w\" sizes=\"auto, (max-width: 1024px) 100vw, 1024px\" \/><\/figure>\n\n\n\n<p><\/p>\n","protected":false},"excerpt":{"rendered":"<p>Nous vous proposons de voyager 1000 ans en arri\u00e8re ! En immersion en plein c\u0153ur de Honfleur ou dans les rues et remparts du Mont Saint Michel, venez d\u00e9couvrir la fabrication du cidre, du calvados et autres caramels en passant par les cloches deVilledieu les Po\u00eales. Le tarif est de [&hellip;]<\/p>\n","protected":false},"author":167,"featured_media":10073,"comment_status":"closed","ping_status":"closed","sticky":false,"template":"","format":"standard","meta":{"footnotes":""},"categories":[4],"tags":[],"class_list":["post-10066","post","type-post","status-publish","format-standard","has-post-thumbnail","hentry","category-sorties"],"_links":{"self":[{"href":"https:\/\/www.amicale-aeap.fr\/word\/wp-json\/wp\/v2\/posts\/10066","targetHints":{"allow":["GET"]}}],"collection":[{"href":"https:\/\/www.amicale-aeap.fr\/word\/wp-json\/wp\/v2\/posts"}],"about":[{"href":"https:\/\/www.amicale-aeap.fr\/word\/wp-json\/wp\/v2\/types\/post"}],"author":[{"embeddable":true,"href":"https:\/\/www.amicale-aeap.fr\/word\/wp-json\/wp\/v2\/users\/167"}],"replies":[{"embeddable":true,"href":"https:\/\/www.amicale-aeap.fr\/word\/wp-json\/wp\/v2\/comments?post=10066"}],"version-history":[{"count":1,"href":"https:\/\/www.amicale-aeap.fr\/word\/wp-json\/wp\/v2\/posts\/10066\/revisions"}],"predecessor-version":[{"id":10075,"href":"https:\/\/www.amicale-aeap.fr\/word\/wp-json\/wp\/v2\/posts\/10066\/revisions\/10075"}],"wp:featuredmedia":[{"embeddable":true,"href":"https:\/\/www.amicale-aeap.fr\/word\/wp-json\/wp\/v2\/media\/10073"}],"wp:attachment":[{"href":"https:\/\/www.amicale-aeap.fr\/word\/wp-json\/wp\/v2\/media?parent=10066"}],"wp:term":[{"taxonomy":"category","embeddable":true,"href":"https:\/\/www.amicale-aeap.fr\/word\/wp-json\/wp\/v2\/categories?post=10066"},{"taxonomy":"post_tag","embeddable":true,"href":"https:\/\/www.amicale-aeap.fr\/word\/wp-json\/wp\/v2\/tags?post=10066"}],"curies":[{"name":"wp","href":"https:\/\/api.w.org\/{rel}","templated":true}]}}